{"id":8717,"date":"2023-11-29T11:26:06","date_gmt":"2023-11-29T10:26:06","guid":{"rendered":"https:\/\/ohlendorff-art.de\/xxxxxx-copy-copy\/"},"modified":"2025-11-04T18:15:48","modified_gmt":"2025-11-04T17:15:48","slug":"udo-juergens-1934-2014","status":"publish","type":"post","link":"https:\/\/ohlendorff-art.de\/en\/udo-juergens-1934-2014\/","title":{"rendered":"Udo J\u00fcrgens <b>*30.09.1934\u00a0 \u202021.12.2014<\/b>"},"content":{"rendered":"<p>(vocals, piano)<\/p>\n<p><a href=\"\/wp-content\/uploads\/DRH166_ole-ohlendorff_dead-rock-heads_rock-legends-alive_combiful_dead-rock-stars_died-artists_deceased-stars_udo-juergens.jpg\" rel=\"attachment wp-att-2541\"><img loading=\"lazy\" decoding=\"async\" class=\"alignleft wp-image-8716 size-medium\" src=\"\/wp-content\/uploads\/DRH166_ole-ohlendorff_dead-rock-heads_rock-legends-alive_combiful_dead-rock-stars_died-artists_deceased-stars_udo-juergens-184x300.jpg\" alt=\"Udo J\u00fcrgens\" width=\"184\" height=\"300\" srcset=\"https:\/\/ohlendorff-art.de\/wp-content\/uploads\/DRH166_ole-ohlendorff_dead-rock-heads_rock-legends-alive_combiful_dead-rock-stars_died-artists_deceased-stars_udo-juergens-184x300.jpg 184w, https:\/\/ohlendorff-art.de\/wp-content\/uploads\/DRH166_ole-ohlendorff_dead-rock-heads_rock-legends-alive_combiful_dead-rock-stars_died-artists_deceased-stars_udo-juergens.jpg 490w\" sizes=\"(max-width: 184px) 100vw, 184px\" \/><\/a><strong><span class=\"shortcode themify-icon \"><i class=\"themify-icon-icon\" ><svg  class=\"tf_fa tf-far-user\" aria-hidden=\"true\"><use href=\"#tf-far-user\"><\/use><\/svg><\/i><span class=\"themify-icon-label\">Udo J\u00fcrgens<\/span><\/span><\/strong> (* 30. September 1934 als J\u00fcrgen Udo Bockelmann in Klagenfurt, \u00d6sterreich; \u2020 21. Dezember 2014 in M\u00fcnsterlingen, Schweiz), ab 2010 b\u00fcrgerlich Udo J\u00fcrgens Bockelmann, war ein S\u00e4nger, Komponist und Pianist.<br \/><hr class=\"shortcode hr \" style=\"border-width:0;\" \/><br \/><strong>Leben<\/strong><br \/>Udo J\u00fcrgens gilt als einer der bedeutendsten deutschsprachigen Entertainer des 20. und fr\u00fchen 21.Jahrhunderts. Er schrieb mehr als 1000 Lieder, ver\u00f6ffentlichte \u00fcber 50 Musikalben und verkaufte in seiner mehr als sechzig Jahre andauernden Karriere \u00fcber 105 Millionen Tontr\u00e4ger. In den Anfangsjahren wurde er meist als Schlagers\u00e4nger gesehen, sp\u00e4ter sprengte er mit seinem umfangreichen Werk die Grenzen des Schlagers. Seine Liedtexte, die von verschiedenen Textern und von ihm selbst stammen, sprechen h\u00e4ufig gesellschaftliche Themen an. Sein breit gef\u00e4chertes Schaffen umfasst auch symphonische Kompositionen, die mit den Berliner Symphonikern aufgenommen wurden. 1992 spielte J\u00fcrgens auf der Donauinsel in Wien vor rund 220.000 Zuschauern. Un\u00fcbersehbar dabei das rote Einstecktuch in seinem Sakko, welches auch auf dem Dead Rock Heads Gem\u00e4lde von Ole Ohlendorff plaziert wurde. Ein weiteres Markenzeichen seiner Live-Konzerte waren die Zugaben, die er stets in einem wei\u00dfen Bademantel sang.<\/p>\n<p><strong>Tod<\/strong><br \/>Am 21. Dezember 2014 brach Udo J\u00fcrgens w\u00e4hrend eines Spaziergangs bewusstlos zusammen und starb trotz eines Wiederbelebungsversuches im Spital von M\u00fcnsterlingen an Herzversagen im Alter von 80 Jahren. Der Grabstein, der einen in ein wei\u00dfes Trauertuch geh\u00fcllten Fl\u00fcgel darstellt, wurde von seinem Bruder Manfred Bockelmann entworfen. Auf der Gedenktafel steht &#8211; unter anderem eine seiner Textpassagen: \u201eIhr seid das Notenblatt, das alles f\u00fcr mich war. Ich lass\u2019 Euch alles \u2013 ich lass\u2019 Euch alles da!\u201c.<\/p>\n","protected":false},"excerpt":{"rendered":"<p>(vocals, piano) (* 30. September 1934 als J\u00fcrgen Udo Bockelmann in Klagenfurt, \u00d6sterreich; \u2020 21. Dezember 2014 in M\u00fcnsterlingen, Schweiz), ab 2010 b\u00fcrgerlich Udo J\u00fcrgens Bockelmann, war ein S\u00e4nger, Komponist und Pianist. LebenUdo J\u00fcrgens gilt als einer der bedeutendsten deutschsprachigen Entertainer des 20. und fr\u00fchen 21.Jahrhunderts. Er schrieb mehr als 1000 Lieder, ver\u00f6ffentlichte \u00fcber 50 [&hellip;]<\/p>\n","protected":false},"author":3,"featured_media":8716,"comment_status":"closed","ping_status":"closed","sticky":false,"template":"","format":"standard","meta":{"footnotes":""},"categories":[10],"tags":[13,24],"translation":{"provider":"WPGlobus","version":"2.12.2","language":"en","enabled_languages":["de","en"],"languages":{"de":{"title":true,"content":true,"excerpt":false},"en":{"title":false,"content":false,"excerpt":false}}},"aioseo_notices":[],"_links":{"self":[{"href":"https:\/\/ohlendorff-art.de\/en\/wp-json\/wp\/v2\/posts\/8717"}],"collection":[{"href":"https:\/\/ohlendorff-art.de\/en\/wp-json\/wp\/v2\/posts"}],"about":[{"href":"https:\/\/ohlendorff-art.de\/en\/wp-json\/wp\/v2\/types\/post"}],"author":[{"embeddable":true,"href":"https:\/\/ohlendorff-art.de\/en\/wp-json\/wp\/v2\/users\/3"}],"replies":[{"embeddable":true,"href":"https:\/\/ohlendorff-art.de\/en\/wp-json\/wp\/v2\/comments?post=8717"}],"version-history":[{"count":6,"href":"https:\/\/ohlendorff-art.de\/en\/wp-json\/wp\/v2\/posts\/8717\/revisions"}],"predecessor-version":[{"id":8718,"href":"https:\/\/ohlendorff-art.de\/en\/wp-json\/wp\/v2\/posts\/8717\/revisions\/8718"}],"wp:featuredmedia":[{"embeddable":true,"href":"https:\/\/ohlendorff-art.de\/en\/wp-json\/wp\/v2\/media\/8716"}],"wp:attachment":[{"href":"https:\/\/ohlendorff-art.de\/en\/wp-json\/wp\/v2\/media?parent=8717"}],"wp:term":[{"taxonomy":"category","embeddable":true,"href":"https:\/\/ohlendorff-art.de\/en\/wp-json\/wp\/v2\/categories?post=8717"},{"taxonomy":"post_tag","embeddable":true,"href":"https:\/\/ohlendorff-art.de\/en\/wp-json\/wp\/v2\/tags?post=8717"}],"curies":[{"name":"wp","href":"https:\/\/api.w.org\/{rel}","templated":true}]}}