{"id":8638,"date":"2023-01-02T11:33:38","date_gmt":"2023-01-02T10:33:38","guid":{"rendered":"https:\/\/ohlendorff-art.de\/xxxxxx-copy-copy-copy-copy\/"},"modified":"2023-01-02T12:12:31","modified_gmt":"2023-01-02T11:12:31","slug":"dan-mccafferty-1946-2022","status":"publish","type":"post","link":"https:\/\/ohlendorff-art.de\/en\/dan-mccafferty-1946-2022\/","title":{"rendered":"Dan McCafferty <b>*14.10.1946\u00a0 \u202008.11.2022<\/b>"},"content":{"rendered":"<p>(vocals)<\/p>\r\n<p><a href=\"\/wp-content\/uploads\/DRH165_Ole-Ohlendorff_Dead-Rock-Heads_Rock-Legends-Alive_combiful_Dan-McCafferty.jpg\" rel=\"attachment wp-att-2541\"><img loading=\"lazy\" decoding=\"async\" class=\"wp-image-8633 size-medium alignleft\" src=\"\/wp-content\/uploads\/DRH165_Ole-Ohlendorff_Dead-Rock-Heads_Rock-Legends-Alive_combiful_Dan-McCafferty-184x300.jpg\" alt=\"Dan McCafferty\" width=\"184\" height=\"300\" srcset=\"https:\/\/ohlendorff-art.de\/wp-content\/uploads\/DRH165_Ole-Ohlendorff_Dead-Rock-Heads_Rock-Legends-Alive_combiful_Dan-McCafferty-184x300.jpg 184w, https:\/\/ohlendorff-art.de\/wp-content\/uploads\/DRH165_Ole-Ohlendorff_Dead-Rock-Heads_Rock-Legends-Alive_combiful_Dan-McCafferty.jpg 490w\" sizes=\"(max-width: 184px) 100vw, 184px\" \/><\/a><strong><span class=\"shortcode themify-icon \"><i class=\"themify-icon-icon\" ><svg  class=\"tf_fa tf-far-user\" aria-hidden=\"true\"><use href=\"#tf-far-user\"><\/use><\/svg><\/i><span class=\"themify-icon-label\">William Daniel \u201eDan\u201c McCafferty<\/span><\/span><\/strong> (* 14. Oktober 1946 in Dunfermline, Schottland; \u2020 8. November 2022) war ein schottischer S\u00e4nger und Gr\u00fcndungsmitglied der Rock-Band Nazareth.<br \/><hr class=\"shortcode hr \" style=\"border-width:0;\" \/><br \/><strong>Leben<\/strong><br \/>Mit seiner rauen und heiseren \u201eReibeisenstimme\u201c, die mit fortschreitendem Alter zunehmend bizarr und schrill wurde, seinem eigent\u00fcmlichen Gesangsstil und seiner charismatischen B\u00fchnenpr\u00e4senz sicherte sich Dan McCafferty nicht nur einen festen Platz in der Rock-Historie, sondern wurde er auch zum Vorbild f\u00fcr zahlreiche andere Rock-S\u00e4nger.<br \/>Sein Deb\u00fct als S\u00e4nger gab Dan McCafferty im Jahr 1965 unverhofft als Einspringer bei der schottischen Cover-Band The Shadettes. Die Namens\u00e4nderung zu Nazareth erfolgte im Jahr 1970, nachdem die Shadettes in einer Hotelbar zuf\u00e4llig den Song The Weight (\u201eI pulled into Nazareth, was feelin\u2019 about half past dead\u201c) von The Band geh\u00f6rt hatten. Als nach einiger Zeit das britische Label Pegasus Records auf die ambitionierte Band aufmerksam wurde, erhielten Nazareth ihren ersten Plattenvertrag. Mit finanzieller Unterst\u00fctzung des wohlhabenden Unternehmers Bill Fehilly, dem damaligen Manager der Band, wagten McCafferty und seine Bandkollegen schlie\u00dflich den Sprung ins Profilager. Sie k\u00fcndigten ihre sicheren Jobs in der Heimat und \u00fcbersiedelten 1971 in eine kleine Gemeinschaftswohnung nach London. Noch im selben Jahr erschien das vielbeachtete Deb\u00fctalbum unter eigenem Namen. Zu Nazareths bekanntesten Hits geh\u00f6rten die Cover-Version von &#8220;Love Hurts&#8221; und die selbst geschriebene Ballade &#8220;Dream On&#8221;. Die Cover-Version von &#8220;This Flight Tonight&#8221; erreichte Platz 1 der deutschen Charts. Zu den erfolgreichsten Alben der Band geh\u00f6rte &#8220;Hair of the Dog&#8221;. <br \/>Obwohl Nazareth auch heutzutage noch aktiv touren und auch regelm\u00e4\u00dfig neue Alben ver\u00f6ffentlichen, feierte man die gr\u00f6\u00dften Erfolge Mitte der 1970er-Jahre: Ausgedehnte Welttourneen mit Konzerten in ausverkauften Stadien und an renommierten Festivals sowie regelm\u00e4\u00dfige TV-Auftritte f\u00fchrten die Hard-Rock-Band um den gesamten Globus. McCafferty wirkte auf insgesamt 23 Studioalben sowie diversen Live-Produktionen und Kompilationen mit. <br \/>Nach 43 Jahren als Leads\u00e4nger von Nazareth gab der inzwischen zum Kults\u00e4nger avancierte Schotte am 29. August 2013 bekannt, aus gesundheitlichen Gr\u00fcnden nicht mehr l\u00e4nger touren zu k\u00f6nnen.<\/p>\r\n<p><strong>Tod<\/strong><br \/>Dan McCafferty starb am 8. November 2022 im Alter von 76 Jahren an den Folgen einer langj\u00e4hrigen Lungenkrankheit (COPD).<\/p>\r\n<p><\/p><!--themify_builder_content-->\n<div id=\"themify_builder_content-8638\" data-postid=\"8638\" class=\"themify_builder_content themify_builder_content-8638 themify_builder tf_clear\">\n    <\/div>\n<!--\/themify_builder_content-->\n","protected":false},"excerpt":{"rendered":"<p>(vocals) (* 14. Oktober 1946 in Dunfermline, Schottland; \u2020 8. November 2022) war ein schottischer S\u00e4nger und Gr\u00fcndungsmitglied der Rock-Band Nazareth. LebenMit seiner rauen und heiseren \u201eReibeisenstimme\u201c, die mit fortschreitendem Alter zunehmend bizarr und schrill wurde, seinem eigent\u00fcmlichen Gesangsstil und seiner charismatischen B\u00fchnenpr\u00e4senz sicherte sich Dan McCafferty nicht nur einen festen Platz in der Rock-Historie, [&hellip;]<\/p>\n","protected":false},"author":3,"featured_media":8633,"comment_status":"closed","ping_status":"open","sticky":false,"template":"","format":"standard","meta":{"footnotes":""},"categories":[10],"tags":[13,24],"translation":{"provider":"WPGlobus","version":"2.12.2","language":"en","enabled_languages":["de","en"],"languages":{"de":{"title":true,"content":true,"excerpt":false},"en":{"title":false,"content":false,"excerpt":false}}},"aioseo_notices":[],"_links":{"self":[{"href":"https:\/\/ohlendorff-art.de\/en\/wp-json\/wp\/v2\/posts\/8638"}],"collection":[{"href":"https:\/\/ohlendorff-art.de\/en\/wp-json\/wp\/v2\/posts"}],"about":[{"href":"https:\/\/ohlendorff-art.de\/en\/wp-json\/wp\/v2\/types\/post"}],"author":[{"embeddable":true,"href":"https:\/\/ohlendorff-art.de\/en\/wp-json\/wp\/v2\/users\/3"}],"replies":[{"embeddable":true,"href":"https:\/\/ohlendorff-art.de\/en\/wp-json\/wp\/v2\/comments?post=8638"}],"version-history":[{"count":10,"href":"https:\/\/ohlendorff-art.de\/en\/wp-json\/wp\/v2\/posts\/8638\/revisions"}],"predecessor-version":[{"id":8646,"href":"https:\/\/ohlendorff-art.de\/en\/wp-json\/wp\/v2\/posts\/8638\/revisions\/8646"}],"wp:featuredmedia":[{"embeddable":true,"href":"https:\/\/ohlendorff-art.de\/en\/wp-json\/wp\/v2\/media\/8633"}],"wp:attachment":[{"href":"https:\/\/ohlendorff-art.de\/en\/wp-json\/wp\/v2\/media?parent=8638"}],"wp:term":[{"taxonomy":"category","embeddable":true,"href":"https:\/\/ohlendorff-art.de\/en\/wp-json\/wp\/v2\/categories?post=8638"},{"taxonomy":"post_tag","embeddable":true,"href":"https:\/\/ohlendorff-art.de\/en\/wp-json\/wp\/v2\/tags?post=8638"}],"curies":[{"name":"wp","href":"https:\/\/api.w.org\/{rel}","templated":true}]}}