{"id":8637,"date":"2023-01-02T11:32:28","date_gmt":"2023-01-02T10:32:28","guid":{"rendered":"https:\/\/ohlendorff-art.de\/xxxxxx-copy-copy-copy\/"},"modified":"2023-01-02T12:11:59","modified_gmt":"2023-01-02T11:11:59","slug":"andy-eagle-1958-2022","status":"publish","type":"post","link":"https:\/\/ohlendorff-art.de\/en\/andy-eagle-1958-2022\/","title":{"rendered":"Andy Eagle <b>*08.04.1958\u00a0 \u202023.10.2022<\/b>"},"content":{"rendered":"<p>(harp, percussions, vocals)<\/p>\r\n<p><a href=\"\/wp-content\/uploads\/DRH164_Ole-Ohlendorff_Dead-Rock-Heads_Rock-Legends-Alive_combiful_Andy-Eagle.jpg\"><img loading=\"lazy\" decoding=\"async\" class=\"wp-image-8634 size-medium alignleft\" src=\"\/wp-content\/uploads\/DRH164_Ole-Ohlendorff_Dead-Rock-Heads_Rock-Legends-Alive_combiful_Andy-Eagle-184x300.jpg\" alt=\"Andy Eagle\" width=\"184\" height=\"300\" srcset=\"https:\/\/ohlendorff-art.de\/wp-content\/uploads\/DRH164_Ole-Ohlendorff_Dead-Rock-Heads_Rock-Legends-Alive_combiful_Andy-Eagle-184x300.jpg 184w, https:\/\/ohlendorff-art.de\/wp-content\/uploads\/DRH164_Ole-Ohlendorff_Dead-Rock-Heads_Rock-Legends-Alive_combiful_Andy-Eagle.jpg 490w\" sizes=\"(max-width: 184px) 100vw, 184px\" \/><\/a><strong><span class=\"shortcode themify-icon \"><i class=\"themify-icon-icon\" ><svg  class=\"tf_fa tf-far-user\" aria-hidden=\"true\"><use href=\"#tf-far-user\"><\/use><\/svg><\/i><span class=\"themify-icon-label\">Andy Eagle<\/span><\/span><\/strong> (geboren als Andy Buterfas am * 08. April 1958 in Hamburg; \u2020 23. Oktober 2022 in Hamburg) war ein deutscher S\u00e4nger, Mundharmonika-Spieler und Entertainer.<br \/><hr class=\"shortcode hr \" style=\"border-width:0;\" \/><br \/><strong>Leben<\/strong><br \/>Andy Eagle war ein waschechtes Hamburger Original. Alles passte&#8230; das Outfit, die Bartfrisur und nat\u00fcrlich sein markanter Hamburger Slang&#8230; sch\u00f6n breit aber immer auf dem Punkt. Harper &amp; Percussionist, Vokalstimme bei \u201eOlli B. Goode\u2019s Band Big Rocking\u201c sowie Bartender bei Olli B. Goode &#8211; Andy Eagle war ein absolutes Allroundtalent. Ob Solo oder mit Band&#8230; das Publikum bekam immer die absolute Vollbedienung.<br \/>Er selber hat sich mal als \u201eein sehr stiller, ruhiger, introvertierter Typ mit dem Temperament eines Dachgep\u00e4cktr\u00e4gers im Nebel\u201c beschrieben, aber er war soviel mehr. Auf der B\u00fchne wie im Leben.<br \/>W\u00e4hrend der Corona-Pandemie von 2020 &#8211; 2022 hatte sich der schwer an Krebs erkrankte Hamburger in seiner Wohnung isoliert. Als Hochrisikopatient konnte er so seiner musikalischen Leidenschaft weiter nachgehen und regelm\u00e4\u00dfig seine legend\u00e4ren Balkonkonzerte w\u00e4hrend dieser harten Zeit zelebrieren.<\/p>\r\n<p><strong>Tod<\/strong><br \/>In Hamburg sagt man Tsch\u00fcss: Andy Eagle starb am 23. Oktober 2022 im Alter von 64 Jahren nach jahrelanger Krebserkrankung. Ruhe in Frieden mein Freund&#8230; und Rock den Himmel&#8230; n\u00e4\u00e4\u00e4 !!!<\/p>\r\n<p><\/p><!--themify_builder_content-->\n<div id=\"themify_builder_content-8637\" data-postid=\"8637\" class=\"themify_builder_content themify_builder_content-8637 themify_builder tf_clear\">\n    <\/div>\n<!--\/themify_builder_content-->\n","protected":false},"excerpt":{"rendered":"<p>(harp, percussions, vocals) (geboren als Andy Buterfas am * 08. April 1958 in Hamburg; \u2020 23. Oktober 2022 in Hamburg) war ein deutscher S\u00e4nger, Mundharmonika-Spieler und Entertainer. LebenAndy Eagle war ein waschechtes Hamburger Original. Alles passte&#8230; das Outfit, die Bartfrisur und nat\u00fcrlich sein markanter Hamburger Slang&#8230; sch\u00f6n breit aber immer auf dem Punkt. Harper &amp; [&hellip;]<\/p>\n","protected":false},"author":3,"featured_media":8634,"comment_status":"closed","ping_status":"open","sticky":false,"template":"","format":"standard","meta":{"footnotes":""},"categories":[10],"tags":[13,24],"translation":{"provider":"WPGlobus","version":"2.12.2","language":"en","enabled_languages":["de","en"],"languages":{"de":{"title":true,"content":true,"excerpt":false},"en":{"title":false,"content":false,"excerpt":false}}},"aioseo_notices":[],"_links":{"self":[{"href":"https:\/\/ohlendorff-art.de\/en\/wp-json\/wp\/v2\/posts\/8637"}],"collection":[{"href":"https:\/\/ohlendorff-art.de\/en\/wp-json\/wp\/v2\/posts"}],"about":[{"href":"https:\/\/ohlendorff-art.de\/en\/wp-json\/wp\/v2\/types\/post"}],"author":[{"embeddable":true,"href":"https:\/\/ohlendorff-art.de\/en\/wp-json\/wp\/v2\/users\/3"}],"replies":[{"embeddable":true,"href":"https:\/\/ohlendorff-art.de\/en\/wp-json\/wp\/v2\/comments?post=8637"}],"version-history":[{"count":6,"href":"https:\/\/ohlendorff-art.de\/en\/wp-json\/wp\/v2\/posts\/8637\/revisions"}],"predecessor-version":[{"id":8645,"href":"https:\/\/ohlendorff-art.de\/en\/wp-json\/wp\/v2\/posts\/8637\/revisions\/8645"}],"wp:featuredmedia":[{"embeddable":true,"href":"https:\/\/ohlendorff-art.de\/en\/wp-json\/wp\/v2\/media\/8634"}],"wp:attachment":[{"href":"https:\/\/ohlendorff-art.de\/en\/wp-json\/wp\/v2\/media?parent=8637"}],"wp:term":[{"taxonomy":"category","embeddable":true,"href":"https:\/\/ohlendorff-art.de\/en\/wp-json\/wp\/v2\/categories?post=8637"},{"taxonomy":"post_tag","embeddable":true,"href":"https:\/\/ohlendorff-art.de\/en\/wp-json\/wp\/v2\/tags?post=8637"}],"curies":[{"name":"wp","href":"https:\/\/api.w.org\/{rel}","templated":true}]}}