{"id":6171,"date":"2017-12-26T21:13:06","date_gmt":"2017-12-26T20:13:06","guid":{"rendered":"http:\/\/ohlendorff-art.de\/?p=6171"},"modified":"2022-03-08T15:33:20","modified_gmt":"2022-03-08T14:33:20","slug":"malcolm-young-1953-2017","status":"publish","type":"post","link":"https:\/\/ohlendorff-art.de\/en\/malcolm-young-1953-2017\/","title":{"rendered":"Malcolm Young <b>*06.01.1953\u00a0 \u202018.11.2017<\/b>"},"content":{"rendered":"<p>(AC\/DC; git.)<\/p>\n<p><a href=\"\/wp-content\/uploads\/DRH145-Ole-Ohlendorff-Dead-Rock-Heads-Rock-Legends-Alive-combiful-Malcolm-Young-AC-DC.jpg\" rel=\"attachment wp-att-2541\"><img loading=\"lazy\" decoding=\"async\" class=\"wp-image-6160 size-medium alignleft\" src=\"\/wp-content\/uploads\/DRH145-Ole-Ohlendorff-Dead-Rock-Heads-Rock-Legends-Alive-combiful-Malcolm-Young-AC-DC-150x150.jpg\" alt=\"\" width=\"184\" height=\"300\" srcset=\"https:\/\/ohlendorff-art.de\/wp-content\/uploads\/DRH145-Ole-Ohlendorff-Dead-Rock-Heads-Rock-Legends-Alive-combiful-Malcolm-Young-AC-DC-184x300.jpg 184w, https:\/\/ohlendorff-art.de\/wp-content\/uploads\/DRH145-Ole-Ohlendorff-Dead-Rock-Heads-Rock-Legends-Alive-combiful-Malcolm-Young-AC-DC.jpg 490w\" sizes=\"(max-width: 184px) 100vw, 184px\" \/><\/a><strong><span class=\"shortcode themify-icon \"><i class=\"themify-icon-icon\" ><svg  class=\"tf_fa tf-far-user\" aria-hidden=\"true\"><use href=\"#tf-far-user\"><\/use><\/svg><\/i><span class=\"themify-icon-label\">Malcolm Mitchell Young<\/span><\/span><\/strong> (* 6. Januar 1953 in Glasgow, Schottland; \u2020 18. November 2017 in Elizabeth Bay, Australien) war ein schottisch-australischer Musiker. Er war Gr\u00fcnder, Rythmusgitarrist und Songwriter der australischen Hardrock-Band AC\/DC.<br \/>\n<hr class=\"shortcode hr \" style=\"border-width:0;\" \/><br \/>\n<strong>Leben<\/strong><\/p>\n<p>1973 gr\u00fcndete er zun\u00e4chst allein die Band AC\/DC, sp\u00e4ter stieg dann sein Bruder Angus, der nun als Lead-Gitarrist fungierte, in die Rockband ein. Malcolm Young war als Gitarrist und Songschreiber die f\u00fchrende Kraft von AC\/DC. Er war mit seiner Gretsch-Gitarre vor allem f\u00fcr das druckvolle Gitarrenspiel verantwortlich und wurde von vielen Fans und Fachjournalisten oft als bester Rythmusgitarrist der Welt bezeichnet.<\/p>\n<p>Er bevorzugte einen \u201etrockenen\u201c Sound, fast frei von Verzerrungen, wobei sein Anschlag auf der Gitarre als \u201eenorm hart\u201c beschrieben wird. Aufgrund dieses Anschlages benutzte er au\u00dferdem Saiten mit einer Mindestst\u00e4rke von 0,12 \u2013 meistens von dem US-amerikanischen Gitarrenhersteller Gibson. Ein weiteres wichtiges Kennzeichen seines Spiels war die Verwendung offener Akkorde, die er von der Grundform abwandelte und ihnen so den \u201eAC\/DC-Sound\u201c gab. Durch sein Spiel war er so ma\u00dfgeblich am typischen Klang der Band beteiligt und bildete mit dem Drummer Phil Rudd und dem Bassisten Cliff Williams die Rhythmus-Sektion, die sich vor allem durch ihr sehr genaues Timing auszeichnete, und somit das musikalische Grundger\u00fcst der Band. Seine Gretschgitarre modifizierte er im Laufe seiner Karriere drastisch. So schliff er zum Beispiel die Farbe bis auf das Holz ab und wechselte diverse Teile aus.<\/p>\n<p><strong>Tod<\/strong><\/p>\n<p>Im Mai 2014 gaben AC\/DC auf ihrer Homepage bekannt, Malcolm Young sei erkrankt und pausiere bis auf Weiteres vom Musikgesch\u00e4ft. S\u00e4nger Brian Johnson dementierte gegen\u00fcber dem Daily Telegraph allerdings, dass sich die Band deshalb aufl\u00f6se; die \u00fcbrigen Musiker begaben sich wenig sp\u00e4ter ins Aufnahmestudio. Im September 2014 teilte die Band mit, dass Malcolm Young aus gesundheitlichen Gr\u00fcnden die Band endg\u00fcltig verlassen habe. Aufgrund eines Schlaganfalls leide Young an Demenz, die einen vollst\u00e4ndigen Verlust seines Kurzzeitged\u00e4chtnisses hervorrufe.<br \/>\nMalcolm Young starb am 18. November 2017 im Alter von 64 Jahren.<\/p>\n<!--themify_builder_content-->\n<div id=\"themify_builder_content-6171\" data-postid=\"6171\" class=\"themify_builder_content themify_builder_content-6171 themify_builder tf_clear\">\n    <\/div>\n<!--\/themify_builder_content-->\n","protected":false},"excerpt":{"rendered":"<p>(AC\/DC; git.) (* 6. Januar 1953 in Glasgow, Schottland; \u2020 18. November 2017 in Elizabeth Bay, Australien) war ein schottisch-australischer Musiker. Er war Gr\u00fcnder, Rythmusgitarrist und Songwriter der australischen Hardrock-Band AC\/DC. Leben 1973 gr\u00fcndete er zun\u00e4chst allein die Band AC\/DC, sp\u00e4ter stieg dann sein Bruder Angus, der nun als Lead-Gitarrist fungierte, in die Rockband ein. [&hellip;]<\/p>\n","protected":false},"author":3,"featured_media":6160,"comment_status":"closed","ping_status":"open","sticky":false,"template":"","format":"standard","meta":{"footnotes":""},"categories":[10],"tags":[13,24],"translation":{"provider":"WPGlobus","version":"2.12.2","language":"en","enabled_languages":["de","en"],"languages":{"de":{"title":true,"content":true,"excerpt":false},"en":{"title":false,"content":false,"excerpt":false}}},"aioseo_notices":[],"_links":{"self":[{"href":"https:\/\/ohlendorff-art.de\/en\/wp-json\/wp\/v2\/posts\/6171"}],"collection":[{"href":"https:\/\/ohlendorff-art.de\/en\/wp-json\/wp\/v2\/posts"}],"about":[{"href":"https:\/\/ohlendorff-art.de\/en\/wp-json\/wp\/v2\/types\/post"}],"author":[{"embeddable":true,"href":"https:\/\/ohlendorff-art.de\/en\/wp-json\/wp\/v2\/users\/3"}],"replies":[{"embeddable":true,"href":"https:\/\/ohlendorff-art.de\/en\/wp-json\/wp\/v2\/comments?post=6171"}],"version-history":[{"count":3,"href":"https:\/\/ohlendorff-art.de\/en\/wp-json\/wp\/v2\/posts\/6171\/revisions"}],"predecessor-version":[{"id":7898,"href":"https:\/\/ohlendorff-art.de\/en\/wp-json\/wp\/v2\/posts\/6171\/revisions\/7898"}],"wp:featuredmedia":[{"embeddable":true,"href":"https:\/\/ohlendorff-art.de\/en\/wp-json\/wp\/v2\/media\/6160"}],"wp:attachment":[{"href":"https:\/\/ohlendorff-art.de\/en\/wp-json\/wp\/v2\/media?parent=6171"}],"wp:term":[{"taxonomy":"category","embeddable":true,"href":"https:\/\/ohlendorff-art.de\/en\/wp-json\/wp\/v2\/categories?post=6171"},{"taxonomy":"post_tag","embeddable":true,"href":"https:\/\/ohlendorff-art.de\/en\/wp-json\/wp\/v2\/tags?post=6171"}],"curies":[{"name":"wp","href":"https:\/\/api.w.org\/{rel}","templated":true}]}}