{"id":5318,"date":"2016-06-17T09:53:01","date_gmt":"2016-06-17T07:53:01","guid":{"rendered":"http:\/\/ohlendorff-art.de\/?p=5318"},"modified":"2020-08-14T18:03:34","modified_gmt":"2020-08-14T16:03:34","slug":"peter-behrens_1947-2016","status":"publish","type":"post","link":"https:\/\/ohlendorff-art.de\/en\/peter-behrens_1947-2016\/","title":{"rendered":"Peter Behrens <b>*04.09.1947\u00a0 \u202011.05.2016<\/b>"},"content":{"rendered":"<p>(Trio; drums)<\/p>\n<p><a href=\"https:\/\/ohlendorff-art.de\/wp-content\/uploads\/DRH134-Ole-Ohlendorff-Dead-Rock-Heads-Rock-Legends-Alive-combiful-Peter-Behrens-Trio.jpg\" rel=\"attachment wp-att-2541\"><img loading=\"lazy\" decoding=\"async\" class=\"wp-image-5315 size-medium alignleft\" src=\"https:\/\/ohlendorff-art.de\/wp-content\/uploads\/DRH134-Ole-Ohlendorff-Dead-Rock-Heads-Rock-Legends-Alive-combiful-Peter-Behrens-Trio-150x150.jpg\" width=\"184\" height=\"300\" srcset=\"https:\/\/ohlendorff-art.de\/wp-content\/uploads\/DRH134-Ole-Ohlendorff-Dead-Rock-Heads-Rock-Legends-Alive-combiful-Peter-Behrens-Trio-184x300.jpg 184w, https:\/\/ohlendorff-art.de\/wp-content\/uploads\/DRH134-Ole-Ohlendorff-Dead-Rock-Heads-Rock-Legends-Alive-combiful-Peter-Behrens-Trio.jpg 490w\" sizes=\"(max-width: 184px) 100vw, 184px\" \/><\/a><strong><span class=\"shortcode themify-icon \"><i class=\"themify-icon-icon\" ><svg  class=\"tf_fa tf-far-user\" aria-hidden=\"true\"><use href=\"#tf-far-user\"><\/use><\/svg><\/i><span class=\"themify-icon-label\">Peter Behrens<\/span><\/span><\/strong> (* 4. September 1947 in Sanderbusch; \u2020 11. Mai 2016 in Wilhelmshaven) war ein deutscher Musiker. Er wurde als Schlagzeuger der Gruppe Trio bekannt.<\/p>\n<p><hr class=\"shortcode hr \" style=\"border-width:0;\" \/><br \/>\n<strong>Leben<\/strong><\/p>\n<p>Peter Behrens war ein unehelicher Sohn eines US-amerikanischen GIs und wurde von seiner leiblichen Mutter zur Adoption freigegeben. Adoptiert wurde er von der Familie Behrens, bei der er in Varel aufwuchs. Nach dem Volksschulabschluss machte er in Oldenburg eine Ausbildung zum Fotografen. Nach dem anschlie\u00dfenden Wehrdienst, den er u.a. mit Klaus Meine absolvierte, erwarb er von 1965 bis 1968 einen h\u00f6heren Bildungsabschluss und begann ein Studium, um selbst Volksschullehrer zu werden. Neben Musik belegte er dabei Sozialwissenschaften und Germanistik. Das dem Studium folgende Referendariat an der Grundschule in Wilhelmshaven-Heppens brach er jedoch ab. In der Folgezeit tingelte Behrens als Schlagzeuger in Schlager- und Swingbands durch Norddeutschland und auch f\u00fcr ein halbes Jahr durch Afrika. 1971 spielte er in der Krautrock-Band Silberbart, die ein erfolgloses \u2013 aber mittlerweile bei Sammlern sehr begehrtes \u2013 Album ver\u00f6ffentlichte. Ende der 1970er Jahre besuchte Behrens f\u00fcr ein Jahr die Mail\u00e4nder Artistenschule, Schwerpunkt Clown, und arbeitete anschlie\u00dfend kurzzeitig als Clown und Pantomime.<br \/>\nAn der Seite von Stephan Remmler und Kralle Krawinkel wurde Behrens bekannt als Schlagzeuger der deutschen Band Trio, die Anfang der 1980er Jahre durch minimalistische Titel (insbesondere Da da da) die Neue Deutsche Welle mitbegr\u00fcndete. Zu Trio stie\u00df Behrens aufgrund einer Zeitungsannonce. Auffallend war seine besondere, stets einheitliche Kleidung: wei\u00dfes T-Shirt, wei\u00dfe Hose, rote Hosentr\u00e4ger und rote Schuhe. Seine Haare formte Behrens zu einer einzelnen nach oben stehenden Locke, \u00e4hnlich wie Moritz in Max und Moritz. So war er schon zuvor im Zirkus aufgetreten. Nach der Trennung von Trio 1986 widmete er sich in Bremerhaven und Wilhelmshaven als Streetworker der Sozialarbeit. .<br \/>\nPeter Behrens durchlitt nach der Trennung von Trio eine lange Periode der Drogensucht, war immer wieder arbeitslos und in finanziellen Schwierigkeiten. Nach einer Zeit, in der er Arbeitslosengeld II bezog, wurde er Rentner und hatte nur vereinzelt kleine Auftritte in Kneipen seiner Umgebung. Im August 2014 pr\u00e4sentierte er gemeinsam mit Produzent und S\u00e4nger Eckhard \u201eEcki\u201c Schrader unter dem Projektnamen \u201eBehrens feat. Ecki S.\u201c eine Single mit dem Titel I Am the Nowhere Man.<br \/>\nIm Februar 2015 spielte er die Hauptrolle im Video zum Lied Ballast von Buddy Buxbaum.<\/p>\n<p><strong>Tod<\/strong><\/p>\n<p>Behrens war ledig, hatte zwei Kinder und lebte zuletzt in Wilhelmshaven. Dort starb er am 11. Mai 2016 in einem Krankenhaus an multiplem Organversagen.<\/p>\n<!--themify_builder_content-->\n<div id=\"themify_builder_content-5318\" data-postid=\"5318\" class=\"themify_builder_content themify_builder_content-5318 themify_builder tf_clear\">\n    <\/div>\n<!--\/themify_builder_content-->\n","protected":false},"excerpt":{"rendered":"<p>(Trio; drums) (* 4. September 1947 in Sanderbusch; \u2020 11. Mai 2016 in Wilhelmshaven) war ein deutscher Musiker. Er wurde als Schlagzeuger der Gruppe Trio bekannt. Leben Peter Behrens war ein unehelicher Sohn eines US-amerikanischen GIs und wurde von seiner leiblichen Mutter zur Adoption freigegeben. Adoptiert wurde er von der Familie Behrens, bei der er [&hellip;]<\/p>\n","protected":false},"author":3,"featured_media":5315,"comment_status":"closed","ping_status":"open","sticky":false,"template":"","format":"standard","meta":{"footnotes":""},"categories":[10],"tags":[13,24],"translation":{"provider":"WPGlobus","version":"2.12.2","language":"en","enabled_languages":["de","en"],"languages":{"de":{"title":true,"content":true,"excerpt":false},"en":{"title":false,"content":false,"excerpt":false}}},"aioseo_notices":[],"_links":{"self":[{"href":"https:\/\/ohlendorff-art.de\/en\/wp-json\/wp\/v2\/posts\/5318"}],"collection":[{"href":"https:\/\/ohlendorff-art.de\/en\/wp-json\/wp\/v2\/posts"}],"about":[{"href":"https:\/\/ohlendorff-art.de\/en\/wp-json\/wp\/v2\/types\/post"}],"author":[{"embeddable":true,"href":"https:\/\/ohlendorff-art.de\/en\/wp-json\/wp\/v2\/users\/3"}],"replies":[{"embeddable":true,"href":"https:\/\/ohlendorff-art.de\/en\/wp-json\/wp\/v2\/comments?post=5318"}],"version-history":[{"count":1,"href":"https:\/\/ohlendorff-art.de\/en\/wp-json\/wp\/v2\/posts\/5318\/revisions"}],"predecessor-version":[{"id":7391,"href":"https:\/\/ohlendorff-art.de\/en\/wp-json\/wp\/v2\/posts\/5318\/revisions\/7391"}],"wp:featuredmedia":[{"embeddable":true,"href":"https:\/\/ohlendorff-art.de\/en\/wp-json\/wp\/v2\/media\/5315"}],"wp:attachment":[{"href":"https:\/\/ohlendorff-art.de\/en\/wp-json\/wp\/v2\/media?parent=5318"}],"wp:term":[{"taxonomy":"category","embeddable":true,"href":"https:\/\/ohlendorff-art.de\/en\/wp-json\/wp\/v2\/categories?post=5318"},{"taxonomy":"post_tag","embeddable":true,"href":"https:\/\/ohlendorff-art.de\/en\/wp-json\/wp\/v2\/tags?post=5318"}],"curies":[{"name":"wp","href":"https:\/\/api.w.org\/{rel}","templated":true}]}}