{"id":3778,"date":"2014-02-26T10:11:40","date_gmt":"2014-02-26T09:11:40","guid":{"rendered":"http:\/\/ohlendorff-art.de\/?p=3778"},"modified":"2020-08-14T17:47:26","modified_gmt":"2020-08-14T15:47:26","slug":"heike-willem-wykhoff_1956-2014_bad-pilots_piraten_what-zz-up","status":"publish","type":"post","link":"https:\/\/ohlendorff-art.de\/en\/heike-willem-wykhoff_1956-2014_bad-pilots_piraten_what-zz-up\/","title":{"rendered":"Heike Willem Wykhoff <b>*01.07.1956\u00a0 \u202006.01.2014<\/b>"},"content":{"rendered":"<p>(Bad Pilots\/What\u00b4zz Up; guitar, vocals)<\/p>\n<p><a href=\"\/wp-content\/uploads\/DRH119-Ole-Ohlendorff-Dead-Rock-Heads-Rock-Legends-Alive-combiful-Heike-Willem-Wykhoff-Bad-Pilots-What\u00b4zz-Up.jpg\" rel=\"attachment wp-att-2541\"><img loading=\"lazy\" decoding=\"async\" class=\"wp-image-2718 size-medium alignleft\" src=\"\/wp-content\/uploads\/DRH119-Ole-Ohlendorff-Dead-Rock-Heads-Rock-Legends-Alive-combiful-Heike-Willem-Wykhoff-Bad-Pilots-What\u00b4zz-Up-150x150.jpg\" alt=\"Heike Willem Wykhoff\" width=\"184\" height=\"300\" srcset=\"https:\/\/ohlendorff-art.de\/wp-content\/uploads\/DRH119-Ole-Ohlendorff-Dead-Rock-Heads-Rock-Legends-Alive-combiful-Heike-Willem-Wykhoff-Bad-Pilots-What\u00b4zz-Up-184x300.jpg 184w, https:\/\/ohlendorff-art.de\/wp-content\/uploads\/DRH119-Ole-Ohlendorff-Dead-Rock-Heads-Rock-Legends-Alive-combiful-Heike-Willem-Wykhoff-Bad-Pilots-What\u00b4zz-Up.jpg 490w\" sizes=\"(max-width: 184px) 100vw, 184px\" \/><\/a><strong><span class=\"shortcode themify-icon \"><i class=\"themify-icon-icon\" ><svg  class=\"tf_fa tf-far-user\" aria-hidden=\"true\"><use href=\"#tf-far-user\"><\/use><\/svg><\/i><span class=\"themify-icon-label\">Heike Willem Wykhoff<\/span><\/span><\/strong>\u00a0<span lang=\"de-DE\">(* 1. Juli 1956 in L\u00fcneburg; <\/span><span lang=\"de-DE\">\u2020<\/span><span lang=\"de-DE\"> 6. Januar 2014 in Bardowick) war ein norddeutscher Rockmusiker. Er war u.a. Gitarrist und Backrounds\u00e4nger der L\u00fcneburger Bands <\/span><span lang=\"de-DE\">Lands End<\/span><span lang=\"de-DE\">, <\/span><span lang=\"de-DE\">Bad Pilots, bei den Piraten und<\/span><b> <\/b><span lang=\"de-DE\">What\u00b4zz Up.<\/span><br \/>\n<hr class=\"shortcode hr \" style=\"border-width:0;\" \/><br \/>\n<strong>Leben<\/strong><\/p>\n<p lang=\"de-DE\">Sie pr\u00e4gten ein Jahrzehnt L\u00fcneburger Rockgeschichte: die Bad Pilots waren von 1989 bis 1999 die \u00dcberflieger, setzten mit ihrem kr\u00e4ftigen Gitarren-Rock Akzente weit \u00fcber die Stadtgrenzen hinaus. Als die Bad Pilots 1989 erstmals unter diesem Namen auftraten, waren die einzelnen Musiker in der Szene l\u00e4ngst bekannt. Unter ihnen auch der Gitarrist und S\u00e4nger Heike Willem Wykhoff.<br \/>\nEr spielte vormals auch in der L\u00fcneburger Formationen Lands End<b> <\/b>(1987 &#8211; 1989). Au\u00dferdem war er auch bei der Band Die Piraten mit an Bord, die traditionelle Shantys ins rockige Seemannskleid gepackt hatten.\u00a0 Nach seiner Zeit bei den Piloten war Wykhoff Mitbegr\u00fcnder der L\u00fcneburger Band What\u00b4zz Up.<\/p>\n<p><strong>Tod<\/strong><\/p>\n<p lang=\"de-DE\">Heike Willem Wyckhoff erlag am 6. Januar 2014 im Hospiz Bardowick (bei L\u00fcneburg) einem Krebsleiden.<\/p>\n<!--themify_builder_content-->\n<div id=\"themify_builder_content-3778\" data-postid=\"3778\" class=\"themify_builder_content themify_builder_content-3778 themify_builder tf_clear\">\n    <\/div>\n<!--\/themify_builder_content-->\n","protected":false},"excerpt":{"rendered":"<p>(Bad Pilots\/What\u00b4zz Up; guitar, vocals) \u00a0(* 1. Juli 1956 in L\u00fcneburg; \u2020 6. Januar 2014 in Bardowick) war ein norddeutscher Rockmusiker. Er war u.a. Gitarrist und Backrounds\u00e4nger der L\u00fcneburger Bands Lands End, Bad Pilots, bei den Piraten und What\u00b4zz Up. Leben Sie pr\u00e4gten ein Jahrzehnt L\u00fcneburger Rockgeschichte: die Bad Pilots waren von 1989 bis 1999 [&hellip;]<\/p>\n","protected":false},"author":3,"featured_media":2718,"comment_status":"closed","ping_status":"open","sticky":false,"template":"","format":"standard","meta":{"footnotes":""},"categories":[10],"tags":[13,24],"translation":{"provider":"WPGlobus","version":"2.12.2","language":"en","enabled_languages":["de","en"],"languages":{"de":{"title":true,"content":true,"excerpt":false},"en":{"title":false,"content":false,"excerpt":false}}},"aioseo_notices":[],"_links":{"self":[{"href":"https:\/\/ohlendorff-art.de\/en\/wp-json\/wp\/v2\/posts\/3778"}],"collection":[{"href":"https:\/\/ohlendorff-art.de\/en\/wp-json\/wp\/v2\/posts"}],"about":[{"href":"https:\/\/ohlendorff-art.de\/en\/wp-json\/wp\/v2\/types\/post"}],"author":[{"embeddable":true,"href":"https:\/\/ohlendorff-art.de\/en\/wp-json\/wp\/v2\/users\/3"}],"replies":[{"embeddable":true,"href":"https:\/\/ohlendorff-art.de\/en\/wp-json\/wp\/v2\/comments?post=3778"}],"version-history":[{"count":1,"href":"https:\/\/ohlendorff-art.de\/en\/wp-json\/wp\/v2\/posts\/3778\/revisions"}],"predecessor-version":[{"id":7359,"href":"https:\/\/ohlendorff-art.de\/en\/wp-json\/wp\/v2\/posts\/3778\/revisions\/7359"}],"wp:featuredmedia":[{"embeddable":true,"href":"https:\/\/ohlendorff-art.de\/en\/wp-json\/wp\/v2\/media\/2718"}],"wp:attachment":[{"href":"https:\/\/ohlendorff-art.de\/en\/wp-json\/wp\/v2\/media?parent=3778"}],"wp:term":[{"taxonomy":"category","embeddable":true,"href":"https:\/\/ohlendorff-art.de\/en\/wp-json\/wp\/v2\/categories?post=3778"},{"taxonomy":"post_tag","embeddable":true,"href":"https:\/\/ohlendorff-art.de\/en\/wp-json\/wp\/v2\/tags?post=3778"}],"curies":[{"name":"wp","href":"https:\/\/api.w.org\/{rel}","templated":true}]}}