{"id":3775,"date":"2014-02-26T10:31:48","date_gmt":"2014-02-26T09:31:48","guid":{"rendered":"http:\/\/ohlendorff-art.de\/?p=3775"},"modified":"2020-08-14T17:47:41","modified_gmt":"2020-08-14T15:47:41","slug":"michael-jackson_1958-2009","status":"publish","type":"post","link":"https:\/\/ohlendorff-art.de\/en\/michael-jackson_1958-2009\/","title":{"rendered":"Michael Jackson <b>*29.08.1958\u00a0 \u202025.06.2009<\/b>"},"content":{"rendered":"<p>(vocals)<\/p>\n<p><a href=\"\/wp-content\/uploads\/DRH121-Ole-Ohlendorff-Dead-Rock-Heads-Rock-Legends-Alive-combiful-Michael-Jackson.jpg\" rel=\"attachment wp-att-2541\"><img loading=\"lazy\" decoding=\"async\" class=\"wp-image-2720 size-medium alignleft\" src=\"\/wp-content\/uploads\/DRH121-Ole-Ohlendorff-Dead-Rock-Heads-Rock-Legends-Alive-combiful-Michael-Jackson-150x150.jpg\" alt=\"Michael Jackson\" width=\"184\" height=\"300\" srcset=\"https:\/\/ohlendorff-art.de\/wp-content\/uploads\/DRH121-Ole-Ohlendorff-Dead-Rock-Heads-Rock-Legends-Alive-combiful-Michael-Jackson-184x300.jpg 184w, https:\/\/ohlendorff-art.de\/wp-content\/uploads\/DRH121-Ole-Ohlendorff-Dead-Rock-Heads-Rock-Legends-Alive-combiful-Michael-Jackson.jpg 490w\" sizes=\"(max-width: 184px) 100vw, 184px\" \/><\/a><strong><span class=\"shortcode themify-icon \"><i class=\"themify-icon-icon\" ><svg  class=\"tf_fa tf-far-user\" aria-hidden=\"true\"><use href=\"#tf-far-user\"><\/use><\/svg><\/i><span class=\"themify-icon-label\">Michael Jackson<\/span><\/span><\/strong>\u00a0<span lang=\"de-DE\">(* 29. August 1958 in Gary, Indiana;<\/span><span lang=\"de-DE\"> \u2020<\/span><span lang=\"de-DE\"> 25. Juni 2009 in Los Angeles, Kalifornien) war ein US-amerikanischer S\u00e4nger, Komponist, T\u00e4nzer und Entertainer. Aufgrund seiner Erfolge wird er als <\/span><span lang=\"de-DE\">\u201eKing of Pop\u201c<\/span><span lang=\"de-DE\"> bezeichnet.\u00a0<\/span>Jackson gilt mit weltweit etwa 300 bis 400 Millionen verkauften Tontr\u00e4gern laut Guiness-Buch der Rekorde als erfolgreichster Entertainer aller Zeiten.<\/p>\n<p><hr class=\"shortcode hr \" style=\"border-width:0;\" \/><br \/>\n<strong>Leben<\/strong><\/p>\n<p><span lang=\"de-DE\">Jackson wurde bereits als Kind Teil der in den 1970er-Jahren popul\u00e4ren Band The Jackson Five. Als Solok\u00fcnstler ver\u00f6ffentlichte er 1982 mit <\/span><span lang=\"de-DE\"><i>Thriller<\/i><\/span><span lang=\"de-DE\"> das bis heute weltweit meistverkaufte Album. Ebenfalls weltweiten Erfolg hatte er mit den Alben <\/span><span lang=\"de-DE\"><i>Off the Wall<\/i><\/span><span lang=\"de-DE\"> (1979), <\/span><span lang=\"de-DE\"><i>Bad <\/i><\/span><span lang=\"de-DE\">(1987), <\/span><span lang=\"de-DE\"><i>Dangerous<\/i><\/span><span lang=\"de-DE\"> (1991), <\/span><span lang=\"de-DE\"><i>HI Story<\/i><\/span><span lang=\"de-DE\">(1995) und <\/span><span lang=\"de-DE\"><i>Invincible<\/i><\/span><span lang=\"de-DE\"> (2001).<\/span><\/p>\n<p><span lang=\"de-DE\">Die Musikzeitschrift <\/span><span lang=\"de-DE\"><i>Rolling Stone<\/i><\/span><span lang=\"de-DE\"> setzte ihn auf Platz 25 der Liste der besten S\u00e4nger aller Zeiten. Bei einer Umfrage des britischen Musikmagazins <\/span><span lang=\"de-DE\"><i>New Musical Express <\/i><\/span><span lang=\"de-DE\">wurde er bei insgesamt 10 Millionen ausgewerteten Stimmen zum bedeutendsten S\u00e4nger aller Zeiten gew\u00e4hlt. 1979 hatte Michael Jackson seine erste kosmetische Operation, nachdem er sich durch einen Unfall beim Tanzen die Nase gebrochen hatte. Atemprobleme erforderten 1980 eine zweite, korrigierende Operation. Weitere medizinisch notwendige Eingriffe folgten am Kopf, nachdem er 1984 durch zu fr\u00fch gez\u00fcndete Feuerwerkseffekte beim Dreh eines Pepsi-Werbespots Verbrennungen 3. Grades erlitten hatte. Eine durch die Verbrennungen verursachte kahle Stelle am Kopf verdeckte er fortan mit einer Per\u00fccke. Etwa Mitte der 1980er-Jahre erkrankte Michael Jackson an der Hautkrankheit Vitiligo, die seine Haut wei\u00df werden lie\u00df. 1993 nahm er dazu in einem Fernsehinterview Stellung:<\/span><\/p>\n<p><em><span lang=\"de-DE\">&#8220;Ich bin stolz, ein schwarzer Amerikaner zu sein. Ich bin stolz auf meine Rasse, ich bin stolz darauf, wer ich bin. Ich leide an einer Hautfunktionsst\u00f6rung, dabei wird die Pigmentierung der Haut zerst\u00f6rt und ich kann nichts dagegen machen. Wir versuchen das unter Kontrolle zu halten, durch Schminken, denn die Flecken auf meinem Gesicht werden dadurch kaschiert.&#8221;<\/span><\/em><\/p>\n<p>(<span lang=\"de-DE\">Michael Jackson, 1993)<\/span><\/p>\n<p><strong>Tod<\/strong><\/p>\n<p><span lang=\"de-DE\">Am 25. Juni 2009 um 14.26 Uhr Ortszeit (23.26 Uhr) wurde Michael Jackson im Alter von 50 Jahren im <\/span><span lang=\"de-DE\"><i>Ronald Reagan Medical Center<\/i><\/span><span lang=\"de-DE\"> in Los Angeles f\u00fcr tot erkl\u00e4rt. Der Gerichtsmediziner von Los Angeles hat am 28. August 2009 den Tod von Michael Jackson offiziell als T\u00f6tungsdelikt bezeichnet. Todesursache war eine akute Vergiftung durch das Narkosemittel Propofol. Zuvor wurden die Benzodiazepime Diazepam, Midazolam und Lorazepam verabreicht.<\/span><\/p>\n<!--themify_builder_content-->\n<div id=\"themify_builder_content-3775\" data-postid=\"3775\" class=\"themify_builder_content themify_builder_content-3775 themify_builder tf_clear\">\n    <\/div>\n<!--\/themify_builder_content-->\n","protected":false},"excerpt":{"rendered":"<p>(vocals) \u00a0(* 29. August 1958 in Gary, Indiana; \u2020 25. Juni 2009 in Los Angeles, Kalifornien) war ein US-amerikanischer S\u00e4nger, Komponist, T\u00e4nzer und Entertainer. Aufgrund seiner Erfolge wird er als \u201eKing of Pop\u201c bezeichnet.\u00a0Jackson gilt mit weltweit etwa 300 bis 400 Millionen verkauften Tontr\u00e4gern laut Guiness-Buch der Rekorde als erfolgreichster Entertainer aller Zeiten. Leben Jackson [&hellip;]<\/p>\n","protected":false},"author":3,"featured_media":2720,"comment_status":"closed","ping_status":"open","sticky":false,"template":"","format":"standard","meta":{"footnotes":""},"categories":[10],"tags":[13,18],"translation":{"provider":"WPGlobus","version":"2.12.2","language":"en","enabled_languages":["de","en"],"languages":{"de":{"title":true,"content":true,"excerpt":false},"en":{"title":false,"content":false,"excerpt":false}}},"aioseo_notices":[],"_links":{"self":[{"href":"https:\/\/ohlendorff-art.de\/en\/wp-json\/wp\/v2\/posts\/3775"}],"collection":[{"href":"https:\/\/ohlendorff-art.de\/en\/wp-json\/wp\/v2\/posts"}],"about":[{"href":"https:\/\/ohlendorff-art.de\/en\/wp-json\/wp\/v2\/types\/post"}],"author":[{"embeddable":true,"href":"https:\/\/ohlendorff-art.de\/en\/wp-json\/wp\/v2\/users\/3"}],"replies":[{"embeddable":true,"href":"https:\/\/ohlendorff-art.de\/en\/wp-json\/wp\/v2\/comments?post=3775"}],"version-history":[{"count":1,"href":"https:\/\/ohlendorff-art.de\/en\/wp-json\/wp\/v2\/posts\/3775\/revisions"}],"predecessor-version":[{"id":7363,"href":"https:\/\/ohlendorff-art.de\/en\/wp-json\/wp\/v2\/posts\/3775\/revisions\/7363"}],"wp:featuredmedia":[{"embeddable":true,"href":"https:\/\/ohlendorff-art.de\/en\/wp-json\/wp\/v2\/media\/2720"}],"wp:attachment":[{"href":"https:\/\/ohlendorff-art.de\/en\/wp-json\/wp\/v2\/media?parent=3775"}],"wp:term":[{"taxonomy":"category","embeddable":true,"href":"https:\/\/ohlendorff-art.de\/en\/wp-json\/wp\/v2\/categories?post=3775"},{"taxonomy":"post_tag","embeddable":true,"href":"https:\/\/ohlendorff-art.de\/en\/wp-json\/wp\/v2\/tags?post=3775"}],"curies":[{"name":"wp","href":"https:\/\/api.w.org\/{rel}","templated":true}]}}