{"id":3768,"date":"2015-02-26T10:41:08","date_gmt":"2015-02-26T09:41:08","guid":{"rendered":"http:\/\/ohlendorff-art.de\/?p=3768"},"modified":"2020-08-14T17:48:28","modified_gmt":"2020-08-14T15:48:28","slug":"eddie-hardi_1949-2015_spencer-davis-group","status":"publish","type":"post","link":"https:\/\/ohlendorff-art.de\/en\/eddie-hardi_1949-2015_spencer-davis-group\/","title":{"rendered":"Eddie Hardin <b>*19.02.1949\u00a0 \u202022.07.2015<\/b>"},"content":{"rendered":"<p>(Hardin &amp; York; organ, vocals)<\/p>\n<p><a href=\"\/wp-content\/uploads\/DRH128-Ole-Ohlendorff-Dead-Rock-Heads-Rock-Legends-Alive-combiful-Eddie-Hardin-Spencer-Davis-Group-Hardin-York.jpg\" rel=\"attachment wp-att-2541\"><img loading=\"lazy\" decoding=\"async\" class=\"wp-image-2727 size-medium alignleft\" src=\"\/wp-content\/uploads\/DRH128-Ole-Ohlendorff-Dead-Rock-Heads-Rock-Legends-Alive-combiful-Eddie-Hardin-Spencer-Davis-Group-Hardin-York-150x150.jpg\" alt=\"Eddie Hardin\" width=\"184\" height=\"300\" srcset=\"https:\/\/ohlendorff-art.de\/wp-content\/uploads\/DRH128-Ole-Ohlendorff-Dead-Rock-Heads-Rock-Legends-Alive-combiful-Eddie-Hardin-Spencer-Davis-Group-Hardin-York-184x300.jpg 184w, https:\/\/ohlendorff-art.de\/wp-content\/uploads\/DRH128-Ole-Ohlendorff-Dead-Rock-Heads-Rock-Legends-Alive-combiful-Eddie-Hardin-Spencer-Davis-Group-Hardin-York.jpg 490w\" sizes=\"(max-width: 184px) 100vw, 184px\" \/><\/a><strong><span class=\"shortcode themify-icon \"><i class=\"themify-icon-icon\" ><svg  class=\"tf_fa tf-far-user\" aria-hidden=\"true\"><use href=\"#tf-far-user\"><\/use><\/svg><\/i><span class=\"themify-icon-label\">Eddie Hardin<\/span><\/span><\/strong>\u00a0(* 19. Februar\u00a01949\u00a0in London, England; \u2020 22. Juli 2015)war ein britischer\u00a0Rockmusiker\u00a0(Keyboards, Gesang), der als Mitglied der Spencer Davis Group\u00a0und von Hardin &amp; York\u00a0bekannt wurde.<\/p>\n<hr class=\"shortcode hr \" style=\"border-width:0;\" \/>\n<p><strong>Leben<\/strong><\/p>\n<p>Eddie Hardin trat bereits im Alter von 18 Jahren die Nachfolge von Steve Winwood bei der Spencer Davis Group an.          Sein gr\u00f6\u00dfter Konkurrent war ein gewisser Elton John. Spencer Davis konnte mit dem pickligen, nicht sehr publikumswirksamen Elton John nichts anfangen und gab Eddie Hardin den Vorrang. Er kam damals frisch von der Schule. Sein Instrument war, und ist es bis heute, die Hammond Orgel. Ber\u00fchmt ist immer noch seine Fu\u00dfarbeit. Damit die Pedale nicht besch\u00e4digt werden und er ein besseres Gef\u00fchl hat, zieht er sich immer noch die Schuhe aus. Gut wenn man keine Schwei\u00dff\u00fc\u00dfe hat und sich die selbigen t\u00e4glich w\u00e4scht. Bald darauf tat er sich mit Pete York (Schlagzeug) zusammen, der ebenfalls aus der Spencer Davis Group ausgeschieden war. Die beiden begannen 1969, als Rockduo unter dem Namen Hardin &amp; York aufzutreten. 1972 schloss sich Ray Fenwick (Gitarre) Hardin &amp; York an, und sie traten als Hardin, York &amp; Fenwick auf. 1972 brachte Hardin sein erstes Soloalbum Home Is Where You Find It heraus, dem im Laufe der Zeit etliche weitere folgten. 1973 gab es eine Wiedervereinigung der zwischenzeitlich aufgel\u00f6sten Spencer Davis Group, die auch sp\u00e4ter immer wieder zusammen auftrat. Auch Hardin &amp; York durchliefen einige Revivals. Daneben arbeitete Eddie Hardin intensiv mit befreundeten Musikern an deren Projekten, etwa mit Roger Glover, Ray Fenwick und Charlie McCracken. Er spielte in Bands wie Butterfly Ball und Axis Point. Eddie Hardin spielte mit seiner Wizard Convention eine Reihe von Alben ein. Dabei machten so bekannte Kollegen mit wie Chris Farlowe, Maggie Bell, Jon Lord, Zak Starkey und etliche mehr. 1985 vertonte Hardin das Kinderbuch Der Wind in den Weiden, unter Beteiligung von Tony Ashton, Maggie Bell, Donovan, John Entwistle und vielen anderen. 1991 gab es eine Auff\u00fchrung davon in Freiburg im Breisgau.<\/p>\n<p><strong>Tod<\/strong><\/p>\n<p>Eddie Hardin starb am 22. Juli 2015 an einem Herzinfarkt, w\u00e4hrend er im Pool schwamm.<\/p>\n<!--themify_builder_content-->\n<div id=\"themify_builder_content-3768\" data-postid=\"3768\" class=\"themify_builder_content themify_builder_content-3768 themify_builder tf_clear\">\n    <\/div>\n<!--\/themify_builder_content-->\n","protected":false},"excerpt":{"rendered":"<p>(Hardin &amp; York; organ, vocals) \u00a0(* 19. Februar\u00a01949\u00a0in London, England; \u2020 22. Juli 2015)war ein britischer\u00a0Rockmusiker\u00a0(Keyboards, Gesang), der als Mitglied der Spencer Davis Group\u00a0und von Hardin &amp; York\u00a0bekannt wurde. Leben Eddie Hardin trat bereits im Alter von 18 Jahren die Nachfolge von Steve Winwood bei der Spencer Davis Group an. Sein gr\u00f6\u00dfter Konkurrent war ein [&hellip;]<\/p>\n","protected":false},"author":3,"featured_media":2727,"comment_status":"closed","ping_status":"open","sticky":false,"template":"","format":"standard","meta":{"footnotes":""},"categories":[10],"tags":[13,191],"translation":{"provider":"WPGlobus","version":"2.12.2","language":"en","enabled_languages":["de","en"],"languages":{"de":{"title":true,"content":true,"excerpt":false},"en":{"title":false,"content":false,"excerpt":false}}},"aioseo_notices":[],"_links":{"self":[{"href":"https:\/\/ohlendorff-art.de\/en\/wp-json\/wp\/v2\/posts\/3768"}],"collection":[{"href":"https:\/\/ohlendorff-art.de\/en\/wp-json\/wp\/v2\/posts"}],"about":[{"href":"https:\/\/ohlendorff-art.de\/en\/wp-json\/wp\/v2\/types\/post"}],"author":[{"embeddable":true,"href":"https:\/\/ohlendorff-art.de\/en\/wp-json\/wp\/v2\/users\/3"}],"replies":[{"embeddable":true,"href":"https:\/\/ohlendorff-art.de\/en\/wp-json\/wp\/v2\/comments?post=3768"}],"version-history":[{"count":1,"href":"https:\/\/ohlendorff-art.de\/en\/wp-json\/wp\/v2\/posts\/3768\/revisions"}],"predecessor-version":[{"id":7377,"href":"https:\/\/ohlendorff-art.de\/en\/wp-json\/wp\/v2\/posts\/3768\/revisions\/7377"}],"wp:featuredmedia":[{"embeddable":true,"href":"https:\/\/ohlendorff-art.de\/en\/wp-json\/wp\/v2\/media\/2727"}],"wp:attachment":[{"href":"https:\/\/ohlendorff-art.de\/en\/wp-json\/wp\/v2\/media?parent=3768"}],"wp:term":[{"taxonomy":"category","embeddable":true,"href":"https:\/\/ohlendorff-art.de\/en\/wp-json\/wp\/v2\/categories?post=3768"},{"taxonomy":"post_tag","embeddable":true,"href":"https:\/\/ohlendorff-art.de\/en\/wp-json\/wp\/v2\/tags?post=3768"}],"curies":[{"name":"wp","href":"https:\/\/api.w.org\/{rel}","templated":true}]}}