{"id":3741,"date":"2013-02-26T10:31:52","date_gmt":"2013-02-26T09:31:52","guid":{"rendered":"http:\/\/ohlendorff-art.de\/?p=3741"},"modified":"2020-08-14T17:46:58","modified_gmt":"2020-08-14T15:46:58","slug":"ray-manzarek_1939-2013_the-doors","status":"publish","type":"post","link":"https:\/\/ohlendorff-art.de\/en\/ray-manzarek_1939-2013_the-doors\/","title":{"rendered":"Ray Manzarek <b>*12.02.1939\u00a0 \u202020.05.2013<\/b>"},"content":{"rendered":"<p>(The Doors; organ)<\/p>\n<p><a href=\"\/wp-content\/uploads\/DRH114-Ole-Ohlendorff-Dead-Rock-Heads-Rock-Legends-Alive-combiful-Ray-Manzarek-The-Doors.jpg\" rel=\"attachment wp-att-2541\"><img loading=\"lazy\" decoding=\"async\" class=\"wp-image-2713 size-medium alignleft\" src=\"\/wp-content\/uploads\/DRH114-Ole-Ohlendorff-Dead-Rock-Heads-Rock-Legends-Alive-combiful-Ray-Manzarek-The-Doors-150x150.jpg\" alt=\"Ray Manzarek\" width=\"184\" height=\"300\" srcset=\"https:\/\/ohlendorff-art.de\/wp-content\/uploads\/DRH114-Ole-Ohlendorff-Dead-Rock-Heads-Rock-Legends-Alive-combiful-Ray-Manzarek-The-Doors-184x300.jpg 184w, https:\/\/ohlendorff-art.de\/wp-content\/uploads\/DRH114-Ole-Ohlendorff-Dead-Rock-Heads-Rock-Legends-Alive-combiful-Ray-Manzarek-The-Doors.jpg 490w\" sizes=\"(max-width: 184px) 100vw, 184px\" \/><\/a><strong><span class=\"shortcode themify-icon \"><i class=\"themify-icon-icon\" ><svg  class=\"tf_fa tf-far-user\" aria-hidden=\"true\"><use href=\"#tf-far-user\"><\/use><\/svg><\/i><span class=\"themify-icon-label\">Ray Manzarek<\/span><\/span><\/strong>\u00a0(* 12. Februar 1939 in Chicago, Illinois, USA; \u2020 20. Mai 2013 in Rosenheim, Deutschland; b\u00fcrgerlich Raymond Manczarek) war ein US-amerikanischer Musiker und Schriftsteller. Bekannt wurde er als Organist der Rockgruppe The Doors.<\/p>\n<p><hr class=\"shortcode hr \" style=\"border-width:0;\" \/><br \/>\n<strong>Leben<\/strong><\/p>\n<p>Manzarek wurde 1939 als Sohn einer polnisch-st\u00e4mmigen Einwandererfamilie, in der dritten Generation in den Vereinigten Staaten, in Chicago geboren. Schon fr\u00fch begann er mit klassischen Klavierstunden &#8211; wohl eher im Kontext einer b\u00fcrgerlichen Erziehung &#8211; und seine Begabung bildete sich langsam heraus.<br \/>\nNach seinem College-Abschluss 1960 beschloss Manzarek, an der University of California in Los Angeles zu studieren, wo er Jim Morrison kennenlernte. Die aufstrebenden Intellektuellen schlossen schnell Freundschaft, Morrison bewohnte sogar einige Zeit mit Ray und dessen Freundin Dorothy dieselbe Wohnung. Manzarek machte in dieser Zeit erste ausgiebige Drogenerfahrungen: Vornehmlich konsumierte er Marihuana, allerdings auch das aufkommende LSD.<br \/>\nNach dem Tod Morrisons und der Aufl\u00f6sung der Band versuchte auch Ray Manzarek sich als Solo-Interpret zu verwirklichen, hatte allerdings keinen gro\u00dfen Erfolg. Erw\u00e4hnen lie\u00dfe sich beispielsweise das Album The Golden Scarab (1974), seine Zusammenarbeit mit Nite City oder die elektronische Adaption der Carmina Burana (1983).<br \/>\nIm Jahr 2002 gr\u00fcndete Manzarek zusammen mit Robby Krieger, Ty Dennis und dem Frontmann der Band The Cult, Ian Astbury die Band The Doors of the 21st Century, die sich nach einem abermaligen Rechtsstreit mit John Densmore und den Eltern von Jim Morrison im Jahr 2005 \u201eRiders on the Storm\u201c nannte. Zuletzt traten Manzarek und Krieger als \u201eRay Manzarek and Robby Krieger of The Doors\u201c auf.<\/p>\n<p><strong>Tod<\/strong><\/p>\n<p>Aufgrund eines Gallengangskarzinoms lie\u00df sich Manzarek von Friedrich Douwes in der St.-Georg-Klinik in Bad Aibling (Deutschland) behandeln. Angesichts seines schlechten Zustands wurde er in eine Klinik in Rosenheim verlegt, wo er im Alter von 74 Jahren an den Folgen seiner Krankheit verstarb.<\/p>\n<!--themify_builder_content-->\n<div id=\"themify_builder_content-3741\" data-postid=\"3741\" class=\"themify_builder_content themify_builder_content-3741 themify_builder tf_clear\">\n    <\/div>\n<!--\/themify_builder_content-->\n","protected":false},"excerpt":{"rendered":"<p>(The Doors; organ) \u00a0(* 12. Februar 1939 in Chicago, Illinois, USA; \u2020 20. Mai 2013 in Rosenheim, Deutschland; b\u00fcrgerlich Raymond Manczarek) war ein US-amerikanischer Musiker und Schriftsteller. Bekannt wurde er als Organist der Rockgruppe The Doors. Leben Manzarek wurde 1939 als Sohn einer polnisch-st\u00e4mmigen Einwandererfamilie, in der dritten Generation in den Vereinigten Staaten, in Chicago [&hellip;]<\/p>\n","protected":false},"author":3,"featured_media":2713,"comment_status":"closed","ping_status":"open","sticky":false,"template":"","format":"standard","meta":{"footnotes":""},"categories":[10],"tags":[13,14],"translation":{"provider":"WPGlobus","version":"2.12.2","language":"en","enabled_languages":["de","en"],"languages":{"de":{"title":true,"content":true,"excerpt":false},"en":{"title":false,"content":false,"excerpt":false}}},"aioseo_notices":[],"_links":{"self":[{"href":"https:\/\/ohlendorff-art.de\/en\/wp-json\/wp\/v2\/posts\/3741"}],"collection":[{"href":"https:\/\/ohlendorff-art.de\/en\/wp-json\/wp\/v2\/posts"}],"about":[{"href":"https:\/\/ohlendorff-art.de\/en\/wp-json\/wp\/v2\/types\/post"}],"author":[{"embeddable":true,"href":"https:\/\/ohlendorff-art.de\/en\/wp-json\/wp\/v2\/users\/3"}],"replies":[{"embeddable":true,"href":"https:\/\/ohlendorff-art.de\/en\/wp-json\/wp\/v2\/comments?post=3741"}],"version-history":[{"count":1,"href":"https:\/\/ohlendorff-art.de\/en\/wp-json\/wp\/v2\/posts\/3741\/revisions"}],"predecessor-version":[{"id":7349,"href":"https:\/\/ohlendorff-art.de\/en\/wp-json\/wp\/v2\/posts\/3741\/revisions\/7349"}],"wp:featuredmedia":[{"embeddable":true,"href":"https:\/\/ohlendorff-art.de\/en\/wp-json\/wp\/v2\/media\/2713"}],"wp:attachment":[{"href":"https:\/\/ohlendorff-art.de\/en\/wp-json\/wp\/v2\/media?parent=3741"}],"wp:term":[{"taxonomy":"category","embeddable":true,"href":"https:\/\/ohlendorff-art.de\/en\/wp-json\/wp\/v2\/categories?post=3741"},{"taxonomy":"post_tag","embeddable":true,"href":"https:\/\/ohlendorff-art.de\/en\/wp-json\/wp\/v2\/tags?post=3741"}],"curies":[{"name":"wp","href":"https:\/\/api.w.org\/{rel}","templated":true}]}}