{"id":3739,"date":"2013-02-26T10:51:34","date_gmt":"2013-02-26T09:51:34","guid":{"rendered":"http:\/\/ohlendorff-art.de\/?p=3739"},"modified":"2020-08-14T17:47:09","modified_gmt":"2020-08-14T15:47:09","slug":"lou-reed_1938-2013_the-velvet-underground","status":"publish","type":"post","link":"https:\/\/ohlendorff-art.de\/en\/lou-reed_1938-2013_the-velvet-underground\/","title":{"rendered":"Lou Reed <b>*02.03.1942\u00a0 \u202027.10.2013<\/b>"},"content":{"rendered":"<p>(The Velvet Underground; guitar, vocals)<\/p>\n<p><a href=\"\/wp-content\/uploads\/DRH116-Ole-Ohlendorff-Dead-Rock-Heads-Rock-Legends-Alive-combiful-Lou-Reed-The-Velvet-Underground.jpg\" rel=\"attachment wp-att-2541\"><img loading=\"lazy\" decoding=\"async\" class=\"wp-image-2715 size-medium alignleft\" src=\"\/wp-content\/uploads\/DRH116-Ole-Ohlendorff-Dead-Rock-Heads-Rock-Legends-Alive-combiful-Lou-Reed-The-Velvet-Underground-150x150.jpg\" alt=\"Lou Reed\" width=\"184\" height=\"300\" srcset=\"https:\/\/ohlendorff-art.de\/wp-content\/uploads\/DRH116-Ole-Ohlendorff-Dead-Rock-Heads-Rock-Legends-Alive-combiful-Lou-Reed-The-Velvet-Underground-184x300.jpg 184w, https:\/\/ohlendorff-art.de\/wp-content\/uploads\/DRH116-Ole-Ohlendorff-Dead-Rock-Heads-Rock-Legends-Alive-combiful-Lou-Reed-The-Velvet-Underground.jpg 490w\" sizes=\"(max-width: 184px) 100vw, 184px\" \/><\/a><strong><span class=\"shortcode themify-icon \"><i class=\"themify-icon-icon\" ><svg  class=\"tf_fa tf-far-user\" aria-hidden=\"true\"><use href=\"#tf-far-user\"><\/use><\/svg><\/i><span class=\"themify-icon-label\">Lou Reed<\/span><\/span><\/strong>\u00a0(* 2. M\u00e4rz 1942 in Brooklyn, New York; \u2020 27. Oktober 2013 in Southampton, New York; b\u00fcrgerlich Lewis Allan Reed) war ein US-amerikanischer Singer-Songwriter und Gitarrist. Er war zusammen mit John Cale Gr\u00fcndungsmitglied der von Andy Warhol inspirierten Band The Velvet Underground.<\/p>\n<p><hr class=\"shortcode hr \" style=\"border-width:0;\" \/><br \/>\n<strong>Leben<\/strong><\/p>\n<p>Lou Reed wurde in Brooklyn geboren und entstammte einer konservativ-j\u00fcdischen Familie, die urspr\u00fcnglich Rabinowitz hie\u00df. Er wuchs in Freeport auf Long Island auf. Fr\u00fch entdeckte er sein Interesse f\u00fcr die Musik und war w\u00e4hrend seiner Schulzeit vor allem an Rock \u2019n\u2019 Roll und Blues interessiert. Seine erste Plattenaufnahme machte er f\u00fcr Bob Shads Label Time als Teenager und Mitglied einer Doo-Wop-Band, die sich The Jades nannte. Weil Reed als Jugendlicher mutma\u00dflich homoerotische Phantasien hatte, rebellierte und aufs\u00e4ssig war, wurde er von seinen Eltern in psychiatrische Behandlung geschickt, bei der er Elektroschocks erhielt. Diese Jugenderlebnisse verarbeitete er in sp\u00e4teren Liedern, unter anderem in \u201eKill Your Sons\u201c. Reed beschrieb diese Phase seines Lebens folgenderma\u00dfen: \u201eSie steckten dir was in den Mund und brachten Elektroden an den Kopf und jagten Strom durch deinen Kopf, und anschlie\u00dfend f\u00fchltest du dich wie weichgekochtes Gem\u00fcse\u201c.<\/p>\n<p>Als Mitglied von The Velvet Underground wurde Reed 1996 in die Rock and Roll Hall of Fame aufgenommen. Bei der Ehrung hielt Patti Smith die Laudatio.<br \/>\nZum zwanzigsten Jahrestag der Samtenen Revolution im November 2009 lud V\u00e1clav Havel den von ihm schon lange gesch\u00e4tzten Lou Reed neben Joan Baez, Suzanne Vega und Ren\u00e9e Fleming nach Prag ein. Havel w\u00fcrdigte sie mit den Worten: \u201eDiese K\u00fcnstler sind bekannt f\u00fcr ihr freies Denken. Sie haben immer auf der Seite der Freiheit gestanden, und viele von ihnen haben ihre Solidarit\u00e4t in dunkleren Zeiten ausgedr\u00fcckt.\u201c Metal Machine Music wurde in die The Wire\u2019s \u201c100 Records That Set the World on Fire (While No One Was Listening)\u201d aufgenommen.<\/p>\n<p><strong>Tod<\/strong><\/p>\n<p>Am 27. Oktober 2013 starb Lou Reed, der sich ein halbes Jahr zuvor einer Lebertransplantation unterzogen hatte, in seinem Haus auf Long Island.<\/p>\n<!--themify_builder_content-->\n<div id=\"themify_builder_content-3739\" data-postid=\"3739\" class=\"themify_builder_content themify_builder_content-3739 themify_builder tf_clear\">\n    <\/div>\n<!--\/themify_builder_content-->\n","protected":false},"excerpt":{"rendered":"<p>(The Velvet Underground; guitar, vocals) \u00a0(* 2. M\u00e4rz 1942 in Brooklyn, New York; \u2020 27. Oktober 2013 in Southampton, New York; b\u00fcrgerlich Lewis Allan Reed) war ein US-amerikanischer Singer-Songwriter und Gitarrist. Er war zusammen mit John Cale Gr\u00fcndungsmitglied der von Andy Warhol inspirierten Band The Velvet Underground. Leben Lou Reed wurde in Brooklyn geboren und [&hellip;]<\/p>\n","protected":false},"author":3,"featured_media":2715,"comment_status":"closed","ping_status":"open","sticky":false,"template":"","format":"standard","meta":{"footnotes":""},"categories":[10],"tags":[13,24],"translation":{"provider":"WPGlobus","version":"2.12.2","language":"en","enabled_languages":["de","en"],"languages":{"de":{"title":true,"content":true,"excerpt":false},"en":{"title":false,"content":false,"excerpt":false}}},"aioseo_notices":[],"_links":{"self":[{"href":"https:\/\/ohlendorff-art.de\/en\/wp-json\/wp\/v2\/posts\/3739"}],"collection":[{"href":"https:\/\/ohlendorff-art.de\/en\/wp-json\/wp\/v2\/posts"}],"about":[{"href":"https:\/\/ohlendorff-art.de\/en\/wp-json\/wp\/v2\/types\/post"}],"author":[{"embeddable":true,"href":"https:\/\/ohlendorff-art.de\/en\/wp-json\/wp\/v2\/users\/3"}],"replies":[{"embeddable":true,"href":"https:\/\/ohlendorff-art.de\/en\/wp-json\/wp\/v2\/comments?post=3739"}],"version-history":[{"count":1,"href":"https:\/\/ohlendorff-art.de\/en\/wp-json\/wp\/v2\/posts\/3739\/revisions"}],"predecessor-version":[{"id":7353,"href":"https:\/\/ohlendorff-art.de\/en\/wp-json\/wp\/v2\/posts\/3739\/revisions\/7353"}],"wp:featuredmedia":[{"embeddable":true,"href":"https:\/\/ohlendorff-art.de\/en\/wp-json\/wp\/v2\/media\/2715"}],"wp:attachment":[{"href":"https:\/\/ohlendorff-art.de\/en\/wp-json\/wp\/v2\/media?parent=3739"}],"wp:term":[{"taxonomy":"category","embeddable":true,"href":"https:\/\/ohlendorff-art.de\/en\/wp-json\/wp\/v2\/categories?post=3739"},{"taxonomy":"post_tag","embeddable":true,"href":"https:\/\/ohlendorff-art.de\/en\/wp-json\/wp\/v2\/tags?post=3739"}],"curies":[{"name":"wp","href":"https:\/\/api.w.org\/{rel}","templated":true}]}}