{"id":3738,"date":"2012-02-26T11:31:15","date_gmt":"2012-02-26T10:31:15","guid":{"rendered":"http:\/\/ohlendorff-art.de\/ludwig-van-beethoven_1770-1827-2\/"},"modified":"2020-08-14T17:46:37","modified_gmt":"2020-08-14T15:46:37","slug":"manfred-praeker_1951-2012_nina-hagen_spliff","status":"publish","type":"post","link":"https:\/\/ohlendorff-art.de\/en\/manfred-praeker_1951-2012_nina-hagen_spliff\/","title":{"rendered":"Manfred Praeker <b>*25.09.1951\u00a0 \u202017.09.2012<\/b>"},"content":{"rendered":"<p>(Nina Hagen Band\/Spliff; bass)<\/p>\n<p><a href=\"\/wp-content\/uploads\/DRH110-Ole-Ohlendorff-Dead-Rock-Heads-Rock-Legends-Alive-combiful-Manfred-Praeker-Nina-Hagen-Band-Spliff.jpg\" rel=\"attachment wp-att-2541\"><img loading=\"lazy\" decoding=\"async\" class=\"wp-image-2709 size-medium alignleft\" src=\"\/wp-content\/uploads\/DRH110-Ole-Ohlendorff-Dead-Rock-Heads-Rock-Legends-Alive-combiful-Manfred-Praeker-Nina-Hagen-Band-Spliff-150x150.jpg\" alt=\"Manfred Praeker\" width=\"184\" height=\"300\" srcset=\"https:\/\/ohlendorff-art.de\/wp-content\/uploads\/DRH110-Ole-Ohlendorff-Dead-Rock-Heads-Rock-Legends-Alive-combiful-Manfred-Praeker-Nina-Hagen-Band-Spliff-184x300.jpg 184w, https:\/\/ohlendorff-art.de\/wp-content\/uploads\/DRH110-Ole-Ohlendorff-Dead-Rock-Heads-Rock-Legends-Alive-combiful-Manfred-Praeker-Nina-Hagen-Band-Spliff.jpg 490w\" sizes=\"(max-width: 184px) 100vw, 184px\" \/><\/a><strong><span class=\"shortcode themify-icon \"><i class=\"themify-icon-icon\" ><svg  class=\"tf_fa tf-far-user\" aria-hidden=\"true\"><use href=\"#tf-far-user\"><\/use><\/svg><\/i><span class=\"themify-icon-label\">Manfred Praeker<\/span><\/span><\/strong>(* 25. September 1951 in West-Berlin; \u2020 17. September 2012 in Berlin) war ein deutscher Musikproduzent, S\u00e4nger und Musiker. Er spielte auch Synthesizer und Schlagzeug, war aber vor allem als Bassist bekannt.<\/p>\n<p><hr class=\"shortcode hr \" style=\"border-width:0;\" \/><br \/>\n<strong>Leben<\/strong><\/p>\n<p>Seine ersten Erfolge hatte Manfred Praeker mit der deutschen Politrock-Band Lokomotive Kreuzberg, der er 1973 beitrat. 1977 l\u00f6ste sich die Gruppe auf und wurde zur Nina Hagen Band. Nach dem Zerw\u00fcrfnis mit Nina Hagen im Jahr 1980 machte Praeker zusammen mit Herwig Mitteregger, Reinhold Heil und Bernhard Potschka als Spliff weiter. Spliff wurde im Zuge der Neuen Deutschen Welle in Deutschland sehr popul\u00e4r. Ihre gr\u00f6\u00dften Hits waren \u201eD\u00e9j\u00e0 vu\u201c, \u201eCarbonara\u201c und \u201eDas Blech\u201c. Bassist Praeker schrieb und sang den Titel \u201eHeut\u2019 Nacht\u201c, der sp\u00e4ter von verschiedenen Bands gecovert wurde. Schon w\u00e4hrend seiner Zeit bei Spliff wurde Praeker auch als Musikproduzent t\u00e4tig. So produzierte er Alben f\u00fcr Nena, Extrabreit und f\u00fcr Die \u00c4rzte. Bei den \u00c4rzten half er zeitweise als Bassist bei Studioproduktionen aus, besonders bei den ersten zwei Alben. Seit Ende der 1980er Jahre lebte Manfred Praeker in Portugal, wo er an seinem Wohnsitz in Monchique sein Musikstudio \u201eMad-Mix-Studio\u201c betrieb. Er spielte auf diversen Produktionen anderer K\u00fcnstler Bass und Gitarre, und arbeitete an Projekten wie Bandoo de Jah (2008, mit Adriano Goes Silva) sowie BockX auf Spliff. Bei diversen TV-Produktionen wie z. B. auf RTL gab es Abhandlungen seines gr\u00f6\u00dften Hits \u201eHeut\u2019 Nacht\u201c.<br \/>\nEs gibt diverse noch nicht ver\u00f6ffentlichte Produktionen und Werke von Manfred Praeker im e@team\u00ae-records Musikverlag (Ibbenb\u00fcren), bei denen er mit Andy Eder Produzent, Bassist, Gitarrist, wie auch teilweise S\u00e4nger war.<\/p>\n<p><strong>Tod<\/strong><\/p>\n<p>Manfred Praeker starb nach schwerer Krankheit (Krebs) am 17. September 2012 in Berlin.<\/p>\n<!--themify_builder_content-->\n<div id=\"themify_builder_content-3738\" data-postid=\"3738\" class=\"themify_builder_content themify_builder_content-3738 themify_builder tf_clear\">\n    <\/div>\n<!--\/themify_builder_content-->\n","protected":false},"excerpt":{"rendered":"<p>(Nina Hagen Band\/Spliff; bass) (* 25. September 1951 in West-Berlin; \u2020 17. September 2012 in Berlin) war ein deutscher Musikproduzent, S\u00e4nger und Musiker. Er spielte auch Synthesizer und Schlagzeug, war aber vor allem als Bassist bekannt. Leben Seine ersten Erfolge hatte Manfred Praeker mit der deutschen Politrock-Band Lokomotive Kreuzberg, der er 1973 beitrat. 1977 l\u00f6ste [&hellip;]<\/p>\n","protected":false},"author":3,"featured_media":2709,"comment_status":"closed","ping_status":"open","sticky":false,"template":"","format":"standard","meta":{"footnotes":""},"categories":[10],"tags":[13,99],"translation":{"provider":"WPGlobus","version":"2.12.2","language":"en","enabled_languages":["de","en"],"languages":{"de":{"title":true,"content":true,"excerpt":false},"en":{"title":false,"content":false,"excerpt":false}}},"aioseo_notices":[],"_links":{"self":[{"href":"https:\/\/ohlendorff-art.de\/en\/wp-json\/wp\/v2\/posts\/3738"}],"collection":[{"href":"https:\/\/ohlendorff-art.de\/en\/wp-json\/wp\/v2\/posts"}],"about":[{"href":"https:\/\/ohlendorff-art.de\/en\/wp-json\/wp\/v2\/types\/post"}],"author":[{"embeddable":true,"href":"https:\/\/ohlendorff-art.de\/en\/wp-json\/wp\/v2\/users\/3"}],"replies":[{"embeddable":true,"href":"https:\/\/ohlendorff-art.de\/en\/wp-json\/wp\/v2\/comments?post=3738"}],"version-history":[{"count":1,"href":"https:\/\/ohlendorff-art.de\/en\/wp-json\/wp\/v2\/posts\/3738\/revisions"}],"predecessor-version":[{"id":7341,"href":"https:\/\/ohlendorff-art.de\/en\/wp-json\/wp\/v2\/posts\/3738\/revisions\/7341"}],"wp:featuredmedia":[{"embeddable":true,"href":"https:\/\/ohlendorff-art.de\/en\/wp-json\/wp\/v2\/media\/2709"}],"wp:attachment":[{"href":"https:\/\/ohlendorff-art.de\/en\/wp-json\/wp\/v2\/media?parent=3738"}],"wp:term":[{"taxonomy":"category","embeddable":true,"href":"https:\/\/ohlendorff-art.de\/en\/wp-json\/wp\/v2\/categories?post=3738"},{"taxonomy":"post_tag","embeddable":true,"href":"https:\/\/ohlendorff-art.de\/en\/wp-json\/wp\/v2\/tags?post=3738"}],"curies":[{"name":"wp","href":"https:\/\/api.w.org\/{rel}","templated":true}]}}