{"id":3697,"date":"2012-02-26T11:11:55","date_gmt":"2012-02-26T10:11:55","guid":{"rendered":"http:\/\/ohlendorff-art.de\/?p=3697"},"modified":"2020-08-14T17:46:27","modified_gmt":"2020-08-14T15:46:27","slug":"ludwig-van-beethoven_1770-1827","status":"publish","type":"post","link":"https:\/\/ohlendorff-art.de\/en\/ludwig-van-beethoven_1770-1827\/","title":{"rendered":"Ludwig van Beethoven <b>*17.12.1770\u00a0 \u202026.03.1827<\/b>"},"content":{"rendered":"<p>(composer)<\/p>\n<p><a href=\"\/wp-content\/uploads\/DRH108-Ole-Ohlendorff-Dead-Rock-Heads-Rock-Legends-Alive-combiful-Ludwig-van-Beethoven.jpg\" rel=\"attachment wp-att-2541\"><img loading=\"lazy\" decoding=\"async\" class=\"wp-image-2707 size-medium alignleft\" src=\"\/wp-content\/uploads\/DRH108-Ole-Ohlendorff-Dead-Rock-Heads-Rock-Legends-Alive-combiful-Ludwig-van-Beethoven-150x150.jpg\" alt=\"Ludwig van Beethoven\" width=\"184\" height=\"300\" srcset=\"https:\/\/ohlendorff-art.de\/wp-content\/uploads\/DRH108-Ole-Ohlendorff-Dead-Rock-Heads-Rock-Legends-Alive-combiful-Ludwig-van-Beethoven-184x300.jpg 184w, https:\/\/ohlendorff-art.de\/wp-content\/uploads\/DRH108-Ole-Ohlendorff-Dead-Rock-Heads-Rock-Legends-Alive-combiful-Ludwig-van-Beethoven.jpg 490w\" sizes=\"(max-width: 184px) 100vw, 184px\" \/><\/a><strong><span class=\"shortcode themify-icon \"><i class=\"themify-icon-icon\" ><svg  class=\"tf_fa tf-far-user\" aria-hidden=\"true\"><use href=\"#tf-far-user\"><\/use><\/svg><\/i><span class=\"themify-icon-label\">Ludwig van Beethoven<\/span><\/span><\/strong>\u00a0(getauft 17. Dezember 1770 in Bonn, Kurk\u00f6ln; \u2020 26. M\u00e4rz 1827 in Wien, \u00d6sterreich) war ein deutscher Komponist. Er gilt als der Komponist, der die Musik der Wiener Klassik zu ihrer h\u00f6chsten Entwicklung gef\u00fchrt und der Romantik den Weg bereitet hat.<\/p>\n<p><hr class=\"shortcode hr \" style=\"border-width:0;\" \/><br \/>\n<strong>Leben<\/strong><\/p>\n<p><span lang=\"de-DE\">Ludwig van Beethovens v\u00e4terliche Vorfahren stammten aus Mechelen im fl\u00e4mischen Brabant. Mit seinem Gro\u00dfvater Ludwig van Beethoven (1712\u20131773) ging erstmals ein Musiker aus der Familie hervor. Dieser wurde 1733 als Basss\u00e4nger an den Kurf\u00fcrstlichen Hof nach Bonn berufen, 1761 ernannte ihn der neue Kurf\u00fcrst Maximilian Friedrich zum kurk\u00f6lnischen Hofkapellmeister. Dessen Sohn Johann (* 14. November 1740, \u2020 18. Dezember 1792) wurde Tenors\u00e4nger an der Hofkapelle und erwarb sich dar\u00fcber hinaus Ansehen als Musiklehrer. Am 12. November 1767 heiratete Johann die fr\u00fch verwitwete Maria Magdalena Leym geb. Keverich (* 19. Dezember 1746). Aus der Ehe gingen sieben Kinder hervor, von denen nur drei das S\u00e4uglingsalter \u00fcberlebten: Ludwig, Kaspar Karl (getauft 8. April 1774) und Nikolaus Johann (getauft 2. Oktober 1776). Die Geburt eines Bruders gleichen Namens Anfang April 1769 trug sp\u00e4ter zu Ludwig van Beethovens Verunsicherung \u00fcber sein tats\u00e4chliches Alter bei.<br \/>\nAls zweites Kind wurde Ludwig van Beethoven am 17. Dezember 1770 in der damaligen St.-Remigius-Kirche getauft. Geboren wurde er wahrscheinlich am 16. Dezember in der Wohnung der Familie im Haus Nr. 515 (heute Haus Nr. 20) in der Bonngasse.<\/span><\/p>\n<p><strong>Tod<\/strong><\/p>\n<p><span lang=\"de-DE\">Mit zunehmendem Alter mehrten sich H\u00e4ufigkeit und Intensit\u00e4t der Krankheitszust\u00e4nde. Im Sommer 1821 k\u00fcndigte sich durch eine schwere Gelbsucht eine Leberzirrhose an. Beethoven suchte Linderung der Beschwerden in B\u00e4der- und Landaufenthalten. Sein letzter f\u00fchrte ihn im Herbst 1826 auf das Landgut seines Bruders Johann nach Gneixendorf. Auf der R\u00fcckreise nach Wien, die Anfang Dezember bei nasskaltem Wetter im offenen Wagen stattfand, zog sich Beethoven eine Lungenentz\u00fcndung zu. Kurz nach der Genesung zeigten sich mit Wasseransammlungen in Beinen und Unterleib sowie einer Gelbsucht schwere Symptome der Leberzirrhose, sodass Beethoven das Krankenbett nicht mehr verlassen konnte. Nach mehreren Punktionen und erfolglosen Behandlungsversuchen verschiedener \u00c4rzte starb Beethoven am 26. M\u00e4rz 1827.<br \/>\nDie Beisetzung auf dem W\u00e4hringer Ortsfriedhof fand am 29. M\u00e4rz unter gro\u00dfer Anteilnahme der Wiener Bev\u00f6lkerung statt. Ungef\u00e4hr 20.000 Personen sollen am Trauerzug teilgenommen haben. Die von Franz Grillparzer verfasste Grabrede sprach der Schauspieler Heinrich Ansch\u00fctz. Franz Schubert, der Beethoven nur ein Jahr sp\u00e4ter ins Grab folgen sollte, erwies ihm neben Grillparzer als einer der 36 Fackeltr\u00e4ger die letzte Ehre.<br \/>\nBeethovens Leichnam wurde zweimal exhumiert: 1863, um die Gebeine zu vermessen und den Sch\u00e4del zu fotografieren; 1888, um sein Skelett &#8211; erneut unter gro\u00dfer \u00f6ffentlicher Anteilnahme &#8211; in den Ehrenhain auf dem Wiener Zentralfriedhof umzubetten.<\/span><\/p>\n<!--themify_builder_content-->\n<div id=\"themify_builder_content-3697\" data-postid=\"3697\" class=\"themify_builder_content themify_builder_content-3697 themify_builder tf_clear\">\n    <\/div>\n<!--\/themify_builder_content-->\n","protected":false},"excerpt":{"rendered":"<p>(composer) \u00a0(getauft 17. Dezember 1770 in Bonn, Kurk\u00f6ln; \u2020 26. M\u00e4rz 1827 in Wien, \u00d6sterreich) war ein deutscher Komponist. Er gilt als der Komponist, der die Musik der Wiener Klassik zu ihrer h\u00f6chsten Entwicklung gef\u00fchrt und der Romantik den Weg bereitet hat. Leben Ludwig van Beethovens v\u00e4terliche Vorfahren stammten aus Mechelen im fl\u00e4mischen Brabant. Mit [&hellip;]<\/p>\n","protected":false},"author":3,"featured_media":2707,"comment_status":"closed","ping_status":"open","sticky":false,"template":"","format":"standard","meta":{"footnotes":""},"categories":[10],"tags":[13,27],"translation":{"provider":"WPGlobus","version":"2.12.2","language":"en","enabled_languages":["de","en"],"languages":{"de":{"title":true,"content":true,"excerpt":false},"en":{"title":false,"content":false,"excerpt":false}}},"aioseo_notices":[],"_links":{"self":[{"href":"https:\/\/ohlendorff-art.de\/en\/wp-json\/wp\/v2\/posts\/3697"}],"collection":[{"href":"https:\/\/ohlendorff-art.de\/en\/wp-json\/wp\/v2\/posts"}],"about":[{"href":"https:\/\/ohlendorff-art.de\/en\/wp-json\/wp\/v2\/types\/post"}],"author":[{"embeddable":true,"href":"https:\/\/ohlendorff-art.de\/en\/wp-json\/wp\/v2\/users\/3"}],"replies":[{"embeddable":true,"href":"https:\/\/ohlendorff-art.de\/en\/wp-json\/wp\/v2\/comments?post=3697"}],"version-history":[{"count":2,"href":"https:\/\/ohlendorff-art.de\/en\/wp-json\/wp\/v2\/posts\/3697\/revisions"}],"predecessor-version":[{"id":8336,"href":"https:\/\/ohlendorff-art.de\/en\/wp-json\/wp\/v2\/posts\/3697\/revisions\/8336"}],"wp:featuredmedia":[{"embeddable":true,"href":"https:\/\/ohlendorff-art.de\/en\/wp-json\/wp\/v2\/media\/2707"}],"wp:attachment":[{"href":"https:\/\/ohlendorff-art.de\/en\/wp-json\/wp\/v2\/media?parent=3697"}],"wp:term":[{"taxonomy":"category","embeddable":true,"href":"https:\/\/ohlendorff-art.de\/en\/wp-json\/wp\/v2\/categories?post=3697"},{"taxonomy":"post_tag","embeddable":true,"href":"https:\/\/ohlendorff-art.de\/en\/wp-json\/wp\/v2\/tags?post=3697"}],"curies":[{"name":"wp","href":"https:\/\/api.w.org\/{rel}","templated":true}]}}