{"id":3658,"date":"2009-02-26T10:11:58","date_gmt":"2009-02-26T09:11:58","guid":{"rendered":"http:\/\/ohlendorff-art.de\/?p=3658"},"modified":"2020-08-14T17:36:03","modified_gmt":"2020-08-14T15:36:03","slug":"willy-deville_1950-2009_mink-deville","status":"publish","type":"post","link":"https:\/\/ohlendorff-art.de\/en\/willy-deville_1950-2009_mink-deville\/","title":{"rendered":"Willy DeVille <b>*25.08.1950\u00a0 \u202006.08.2009<\/b>"},"content":{"rendered":"<p>(Mink DeVille; guitar, vocals)<\/p>\n<p><a href=\"wp-content\/uploads\/087-willy-deville_1950-2009_mink-deville_ole-ohlendorff.jpg\" rel=\"attachment wp-att-2541\"><img loading=\"lazy\" decoding=\"async\" class=\"wp-image-2686 size-medium alignleft\" src=\"\/wp-content\/uploads\/DRH87-Ole-Ohlendorff-Dead-Rock-Heads-Rock-Legends-Alive-combiful-Willy-DeVille-Mink-DeVille-150x150.jpg\" alt=\"Willy DeVille\" width=\"184\" height=\"300\" srcset=\"https:\/\/ohlendorff-art.de\/wp-content\/uploads\/DRH87-Ole-Ohlendorff-Dead-Rock-Heads-Rock-Legends-Alive-combiful-Willy-DeVille-Mink-DeVille-184x300.jpg 184w, https:\/\/ohlendorff-art.de\/wp-content\/uploads\/DRH87-Ole-Ohlendorff-Dead-Rock-Heads-Rock-Legends-Alive-combiful-Willy-DeVille-Mink-DeVille.jpg 490w\" sizes=\"(max-width: 184px) 100vw, 184px\" \/><\/a><strong><span class=\"shortcode themify-icon \"><i class=\"themify-icon-icon\" ><svg  class=\"tf_fa tf-far-user\" aria-hidden=\"true\"><use href=\"#tf-far-user\"><\/use><\/svg><\/i><span class=\"themify-icon-label\">Willy DeVille<\/span><\/span><\/strong>\u00a0(* 25. August 1950 in Stamford, Connecticut; \u2020 6. August 2009 in New York City, b\u00fcrgerlich William Paul Borsey junior) war ein US-amerikanischer Rock- und Bluesmusiker.<\/p>\n<p><hr class=\"shortcode hr \" style=\"border-width:0;\" \/><br \/>\n<strong>Leben<\/strong><\/p>\n<p>Willy DeVille kam als William Borsey in Stamford zur Welt und wuchs dort auf. Mit vierzehn Jahren zog er ins West Village in New York City. Die musikalischen Helden seiner Jugend waren u. a. Bob Dylan und Jimi Hendrix, die in den Clubs der MacDougal Street, wo er lebte, auftraten, und von deren Einfluss sich DeVille nie l\u00f6ste. 1971 kehrte er nach einem mehrj\u00e4hrigen Aufenthalt in London nach New York zur\u00fcck; reiste weiter an die Westk\u00fcste und formierte in San Francisco die Band Lazy Eights.<br \/>\n1974 gr\u00fcndete er die Band Billy De Sade &amp; The Marquis, die er 1975 in Mink DeVille umbenannte. Gleichzeitig wurde aus William Borsey \u201eWilly DeVille\u201c. 1977 erschien deren Deb\u00fctalbum in Europa unter dem Namen Cabretta und in den USA unter dem Namen Mink DeVille. Das Album wurde vom Rolling Stone zum \u201eBest Album of the Year\u201c gek\u00fcrt. Der Musikexpress kommentierte: \u201eWilly ist der Prototyp eines Rock\u2019n\u2019Roll-Menschen. Seine Stimme ist rau, trocken, aufregend und dreckig, und in ihr schwingt die sinnliche Anmache, die uns H\u00f6rer zittern l\u00e4sst\u201c.<br \/>\nSein Erscheinungsbild mit \u00fcberlangem Jackett, einem Goldz\u00e4hne-L\u00e4cheln mit im Schneidezahn eingefassten Diamanten, zeitweise Menjou-B\u00e4rtchen und schulterlangen Haaren war ausgefallen. Der Verlauf seiner Karriere war wechselhaft: Mal zum besten S\u00e4nger des Jahres geehrt, dann wieder Streitigkeiten mit der Plattenfirma. Seine Single \u201eStorybook Love \u201ewurde als Soundtrack des Kinofilms Die Braut des Prinzen f\u00fcr den Oscar nominiert, dann wieder stand DeVille ohne Plattenvertrag da.<br \/>\nZu seinem 25-j\u00e4hrigen B\u00fchnenjubil\u00e4um kehrte Willy DeVille zu seinen Wurzeln zur\u00fcck und ging 2002 mit dem Pianisten Seth Farber und dem Bassisten David Keyes auf die Suche nach seinen Urspr\u00fcngen. Das Blues-Album The Willy DeVille Acoustic Trio In Berlin wurde am 21. M\u00e4rz 2002 in Berlin bei einem Konzert aufgezeichnet.<br \/>\nVom 18. Oktober bis 18. November 2006 ging er mit dem Willy DeVille Acoustic Trio erneut auf Europatournee. Am Piano gab es dabei eine Umbesetzung. F\u00fcr kurze Zeit geh\u00f6rte Jeff Levine am Piano, der u. a. f\u00fcr Joe Cocker gespielt hat, zur Band.<br \/>\n2007 spielte er f\u00fcr den Soundtrack des Films Death Proof von Quentin Tarantino den Song \u201eIt\u2019s So Easy\u201c ein.<\/p>\n<p><strong>Tod<\/strong><\/p>\n<p>Eine f\u00fcr 2009 geplante Tournee wurde aus gesundheitlichen Gr\u00fcnden abgesagt; es war bei ihm zun\u00e4chst Hepatitis C, sp\u00e4ter Bauchspeicheldr\u00fcsenkrebs diagnostiziert worden. Am 6. August 2009 erlag Willy DeVille seinem Leiden in einem Krankenhaus in New York. Es war Wunsch des K\u00fcnstlers, auf Hepatitis C und die m\u00f6glichen Behandlungserfolge bei fr\u00fchzeitiger Erkennung aufmerksam zu machen.<\/p>\n<!--themify_builder_content-->\n<div id=\"themify_builder_content-3658\" data-postid=\"3658\" class=\"themify_builder_content themify_builder_content-3658 themify_builder tf_clear\">\n    <\/div>\n<!--\/themify_builder_content-->\n","protected":false},"excerpt":{"rendered":"<p>(Mink DeVille; guitar, vocals) \u00a0(* 25. August 1950 in Stamford, Connecticut; \u2020 6. August 2009 in New York City, b\u00fcrgerlich William Paul Borsey junior) war ein US-amerikanischer Rock- und Bluesmusiker. Leben Willy DeVille kam als William Borsey in Stamford zur Welt und wuchs dort auf. Mit vierzehn Jahren zog er ins West Village in New [&hellip;]<\/p>\n","protected":false},"author":3,"featured_media":2686,"comment_status":"closed","ping_status":"open","sticky":false,"template":"","format":"standard","meta":{"footnotes":""},"categories":[10],"tags":[13,24],"translation":{"provider":"WPGlobus","version":"2.12.2","language":"en","enabled_languages":["de","en"],"languages":{"de":{"title":true,"content":true,"excerpt":false},"en":{"title":false,"content":false,"excerpt":false}}},"aioseo_notices":[],"_links":{"self":[{"href":"https:\/\/ohlendorff-art.de\/en\/wp-json\/wp\/v2\/posts\/3658"}],"collection":[{"href":"https:\/\/ohlendorff-art.de\/en\/wp-json\/wp\/v2\/posts"}],"about":[{"href":"https:\/\/ohlendorff-art.de\/en\/wp-json\/wp\/v2\/types\/post"}],"author":[{"embeddable":true,"href":"https:\/\/ohlendorff-art.de\/en\/wp-json\/wp\/v2\/users\/3"}],"replies":[{"embeddable":true,"href":"https:\/\/ohlendorff-art.de\/en\/wp-json\/wp\/v2\/comments?post=3658"}],"version-history":[{"count":1,"href":"https:\/\/ohlendorff-art.de\/en\/wp-json\/wp\/v2\/posts\/3658\/revisions"}],"predecessor-version":[{"id":7297,"href":"https:\/\/ohlendorff-art.de\/en\/wp-json\/wp\/v2\/posts\/3658\/revisions\/7297"}],"wp:featuredmedia":[{"embeddable":true,"href":"https:\/\/ohlendorff-art.de\/en\/wp-json\/wp\/v2\/media\/2686"}],"wp:attachment":[{"href":"https:\/\/ohlendorff-art.de\/en\/wp-json\/wp\/v2\/media?parent=3658"}],"wp:term":[{"taxonomy":"category","embeddable":true,"href":"https:\/\/ohlendorff-art.de\/en\/wp-json\/wp\/v2\/categories?post=3658"},{"taxonomy":"post_tag","embeddable":true,"href":"https:\/\/ohlendorff-art.de\/en\/wp-json\/wp\/v2\/tags?post=3658"}],"curies":[{"name":"wp","href":"https:\/\/api.w.org\/{rel}","templated":true}]}}