{"id":3615,"date":"2006-02-26T10:21:26","date_gmt":"2006-02-26T09:21:26","guid":{"rendered":"http:\/\/ohlendorff-art.de\/?p=3615"},"modified":"2020-08-14T17:23:27","modified_gmt":"2020-08-14T15:23:27","slug":"klaus-renft_1942-2006_thw-butlers_renft","status":"publish","type":"post","link":"https:\/\/ohlendorff-art.de\/en\/klaus-renft_1942-2006_thw-butlers_renft\/","title":{"rendered":"Klaus Renft <b>*30.06.1942\u00a0 \u202009.10.2006<\/b>"},"content":{"rendered":"<p>(Renft; bass, vocals)<\/p>\n<p><a href=\"\/wp-content\/uploads\/DRH80-Ole-Ohlendorff-Dead-Rock-Heads-Rock-Legends-Alive-combiful-Klaus-Renft-The-Butlers-Renft.jpg\" rel=\"attachment wp-att-2541\"><img loading=\"lazy\" decoding=\"async\" class=\"wp-image-2679 size-medium alignleft\" src=\"\/wp-content\/uploads\/DRH80-Ole-Ohlendorff-Dead-Rock-Heads-Rock-Legends-Alive-combiful-Klaus-Renft-The-Butlers-Renft-150x150.jpg\" alt=\"Klaus Renft\" width=\"184\" height=\"300\" srcset=\"https:\/\/ohlendorff-art.de\/wp-content\/uploads\/DRH80-Ole-Ohlendorff-Dead-Rock-Heads-Rock-Legends-Alive-combiful-Klaus-Renft-The-Butlers-Renft-184x300.jpg 184w, https:\/\/ohlendorff-art.de\/wp-content\/uploads\/DRH80-Ole-Ohlendorff-Dead-Rock-Heads-Rock-Legends-Alive-combiful-Klaus-Renft-The-Butlers-Renft.jpg 490w\" sizes=\"(max-width: 184px) 100vw, 184px\" \/><\/a><strong><span class=\"shortcode themify-icon \"><i class=\"themify-icon-icon\" ><svg  class=\"tf_fa tf-far-user\" aria-hidden=\"true\"><use href=\"#tf-far-user\"><\/use><\/svg><\/i><span class=\"themify-icon-label\">Klaus Renft<\/span><\/span><\/strong>\u00a0<span lang=\"de-DE\">(* 30. Juni 1942 in Jena \/ DDR als <\/span><span lang=\"de-DE\">Klaus Jentzsch<\/span><span lang=\"de-DE\">; <\/span><span lang=\"de-DE\"> \u2020<\/span><span lang=\"de-DE\"> 9. Oktober 2006 in L\u00f6hma) war ein deutscher Musiker. Er wurde vor allem durch seine Bands Butlers und Klaus Renft Combo bekannt. Sein K\u00fcnstlername <\/span><span lang=\"de-DE\"><i>Renft<\/i><\/span><span lang=\"de-DE\"> war der Geburtsname seiner Mutter.<\/span><br \/>\n<hr class=\"shortcode hr \" style=\"border-width:0;\" \/><br \/>\n<strong>Leben<\/strong><\/p>\n<p><a name=\"bodyContent1\"><\/a><span lang=\"de-DE\">1957 erste Auftritte mit der Sch\u00fclerband \u201eKolibri\u201c. Im Jahre 1958 gr\u00fcndete Renft mit einigen Freunden in Leipzig die \u201e<\/span><span lang=\"de-DE\">Klaus Renft Combo<\/span><span lang=\"de-DE\">\u201c. Sie bestand bis zum Auftrittsverbot 1962 und wurde daraufhin in \u201eThe Butlers\u201c umbenannt. 1963 legte Klaus Renft die Facharbeiterpr\u00fcfung als M\u00f6beltischler ab. Am 1. M\u00e4rz 1964 gab es den ersten offiziell erw\u00e4hnten Auftritt der \u201eButlers\u201c. Im gleichen Jahr erhielt die Band beim Deutschlandtreffen der Jugend eine Auszeichnung. Bereits 1965 wurde den popul\u00e4ren \u201eButlers\u201c jedoch aufgrund ihres westlichen Stils diesmal ein \u201eunbefristetes Spielverbot\u201c ausgesprochen. Das geschah zeitgleich zum Verbot vieler anderer Bands in Leipzig, was die in dieser Form einmalige Leipziger Beat-Demonstration ausl\u00f6ste.<\/span><\/p>\n<div id=\"Bereich6\" dir=\"LTR\">\n<p><a name=\"mw-content-text1\"><\/a><span lang=\"de-DE\">Ihre Songs, deren Themen h\u00e4ufig von staatlicher Repression (<\/span><span lang=\"de-DE\"><i>Ketten werden knapper<\/i><\/span><span lang=\"de-DE\">) handelten oder vielschichtig\/zweideutig waren, wie (Z<\/span><span lang=\"de-DE\"><i>wischen Liebe und Zorn<\/i><\/span><span lang=\"de-DE\">, <\/span><span lang=\"de-DE\"><i>Ermutigung<\/i><\/span><span lang=\"de-DE\">, <\/span><span lang=\"de-DE\"><i>Nach der Schlacht<\/i><\/span><span lang=\"de-DE\">) hinterfragten das durch die Staatsmacht vorgegebene Bild. Die Jugendlichen verstanden sehr wohl die enthaltenen Metaphern. Daher geriet die bereits 1964 unter dem Decknamen \u201eWanderer\u201c gef\u00fchrte Band versch\u00e4rft ins Visier der Staatssicherheit. Neue Musikaufnahmen wurden ab 1974 nach ihrem Song \u201e<\/span><span lang=\"de-DE\"><i>Aber ich kanns nicht verstehen\u201c<\/i><\/span><span lang=\"de-DE\"> ( Platz 2 bei der \u201eNBI-Beatparade\u201c) nicht mehr zugelassen. Im September 1975 wurde die Klaus Renft Combo erneut verboten. Die Musiker beschwerten sich beim damaligen Kulturminister der DDR, Hans-Joachim Hoffmann. In der Folgezeit entstanden heimliche Aufnahmen wie die \u201e<\/span><span lang=\"de-DE\"><i>Ballade vom kleinen Otto\u201c<\/i><\/span><span lang=\"de-DE\">, welche eine m\u00f6gliche Republikflucht zum Inhalt hatte oder das Lied \u201e<\/span><span lang=\"de-DE\"><i>Glaubensfragen\u201c<\/i><\/span><span lang=\"de-DE\"> das zum Thema Bausoldat ein staatliches Tabu ansprach.<\/span><\/p>\n<p lang=\"de-DE\"><a name=\"bodyContent\"><\/a>Ende Oktober 1975 verlor Renft seine Zulassung durch das Kulturministerium. Er besuchte darauf den Regimekritiker Robert Havemann und gab pers\u00f6nlich am 8. Dezember 1975 einen Brief an Erich Honecker ab.<\/p>\n<\/div>\n<p lang=\"de-DE\">Nach der friedlichen Revolution in der DDR kehrte Klaus Renft zur\u00fcck und trat ab 1990 wieder gemeinsam mit der \u201eKlaus Renft Combo\u201c auf, die weiterhin auf eine treue Fangemeinde z\u00e4hlen konnte. Dennoch gelang es ihr wie vielen anderen DDR-Bands nicht mehr, an die fr\u00fcheren Erfolge anzukn\u00fcpfen. 1996 musste er die Band wegen interner Differenzen vor\u00fcbergehend verlassen. Ab M\u00e4rz 1998, zu den Jubil\u00e4umskonzerten \u201e40 Jahre Klaus Renft Combo\u201c trat er wieder gemeinsam mit seinen Weggef\u00e4hrten aus den 1970er Jahren auf.<\/p>\n<p><strong>Tod<\/strong><\/p>\n<p lang=\"de-DE\">Bereits im Oktober 2000 musste sich Renft einer Chemotherapie wegen einer Darmkrebserkrankung unterziehen. Er erholte sich zun\u00e4chst und arbeitete wieder intensiv als Musiker. Doch im Sommer 2005 stellten die \u00c4rzte bei ihm einen neuerlichen Tumor fest, an dessen Folgen er in der Nacht zum 9. Oktober 2006 auf dem Weg in die Klinik verstarb. Seine Urne wurde am 21. November 2006 auf dem Leipziger S\u00fcdfriedhof beigesetzt.<\/p>\n<!--themify_builder_content-->\n<div id=\"themify_builder_content-3615\" data-postid=\"3615\" class=\"themify_builder_content themify_builder_content-3615 themify_builder tf_clear\">\n    <\/div>\n<!--\/themify_builder_content-->\n","protected":false},"excerpt":{"rendered":"<p>(Renft; bass, vocals) \u00a0(* 30. Juni 1942 in Jena \/ DDR als Klaus Jentzsch; \u2020 9. Oktober 2006 in L\u00f6hma) war ein deutscher Musiker. Er wurde vor allem durch seine Bands Butlers und Klaus Renft Combo bekannt. Sein K\u00fcnstlername Renft war der Geburtsname seiner Mutter. Leben 1957 erste Auftritte mit der Sch\u00fclerband \u201eKolibri\u201c. Im Jahre [&hellip;]<\/p>\n","protected":false},"author":3,"featured_media":2679,"comment_status":"closed","ping_status":"open","sticky":false,"template":"","format":"standard","meta":{"footnotes":""},"categories":[10],"tags":[13,95],"translation":{"provider":"WPGlobus","version":"2.12.2","language":"en","enabled_languages":["de","en"],"languages":{"de":{"title":true,"content":true,"excerpt":false},"en":{"title":false,"content":false,"excerpt":false}}},"aioseo_notices":[],"_links":{"self":[{"href":"https:\/\/ohlendorff-art.de\/en\/wp-json\/wp\/v2\/posts\/3615"}],"collection":[{"href":"https:\/\/ohlendorff-art.de\/en\/wp-json\/wp\/v2\/posts"}],"about":[{"href":"https:\/\/ohlendorff-art.de\/en\/wp-json\/wp\/v2\/types\/post"}],"author":[{"embeddable":true,"href":"https:\/\/ohlendorff-art.de\/en\/wp-json\/wp\/v2\/users\/3"}],"replies":[{"embeddable":true,"href":"https:\/\/ohlendorff-art.de\/en\/wp-json\/wp\/v2\/comments?post=3615"}],"version-history":[{"count":1,"href":"https:\/\/ohlendorff-art.de\/en\/wp-json\/wp\/v2\/posts\/3615\/revisions"}],"predecessor-version":[{"id":7281,"href":"https:\/\/ohlendorff-art.de\/en\/wp-json\/wp\/v2\/posts\/3615\/revisions\/7281"}],"wp:featuredmedia":[{"embeddable":true,"href":"https:\/\/ohlendorff-art.de\/en\/wp-json\/wp\/v2\/media\/2679"}],"wp:attachment":[{"href":"https:\/\/ohlendorff-art.de\/en\/wp-json\/wp\/v2\/media?parent=3615"}],"wp:term":[{"taxonomy":"category","embeddable":true,"href":"https:\/\/ohlendorff-art.de\/en\/wp-json\/wp\/v2\/categories?post=3615"},{"taxonomy":"post_tag","embeddable":true,"href":"https:\/\/ohlendorff-art.de\/en\/wp-json\/wp\/v2\/tags?post=3615"}],"curies":[{"name":"wp","href":"https:\/\/api.w.org\/{rel}","templated":true}]}}