{"id":3311,"date":"2004-02-26T10:01:18","date_gmt":"2004-02-26T09:01:18","guid":{"rendered":"http:\/\/ohlendorff-art.de\/?p=3311"},"modified":"2020-08-14T17:22:50","modified_gmt":"2020-08-14T15:22:50","slug":"gerulf-pannach_1948-1998_renft","status":"publish","type":"post","link":"https:\/\/ohlendorff-art.de\/en\/gerulf-pannach_1948-1998_renft\/","title":{"rendered":"Gerulf Pannach <b>*24.06.1948\u00a0 \u202003.05.1998<\/b>"},"content":{"rendered":"<p>(Renft; guitar, vocals)<\/p>\n<p><a href=\"\/wp-content\/uploads\/DRH73-Ole-Ohlendorff-Dead-Rock-Heads-Rock-Legends-Alive-combiful-Gerulf-Pannach-Renft.jpg\" rel=\"attachment wp-att-2541\"><img loading=\"lazy\" decoding=\"async\" class=\"wp-image-2672 size-medium alignleft\" src=\"\/wp-content\/uploads\/DRH73-Ole-Ohlendorff-Dead-Rock-Heads-Rock-Legends-Alive-combiful-Gerulf-Pannach-Renft-150x150.jpg\" alt=\"\" width=\"184\" height=\"300\" srcset=\"https:\/\/ohlendorff-art.de\/wp-content\/uploads\/DRH73-Ole-Ohlendorff-Dead-Rock-Heads-Rock-Legends-Alive-combiful-Gerulf-Pannach-Renft-184x300.jpg 184w, https:\/\/ohlendorff-art.de\/wp-content\/uploads\/DRH73-Ole-Ohlendorff-Dead-Rock-Heads-Rock-Legends-Alive-combiful-Gerulf-Pannach-Renft.jpg 490w\" sizes=\"(max-width: 184px) 100vw, 184px\" \/><\/a><strong><span class=\"shortcode themify-icon \"><i class=\"themify-icon-icon\" ><svg  class=\"tf_fa tf-far-user\" aria-hidden=\"true\"><use href=\"#tf-far-user\"><\/use><\/svg><\/i><span class=\"themify-icon-label\">Gerulf Pannach<\/span><\/span><\/strong> (* 24. Juni 1948 in Arnsdorf \/ DDR; \u2020 3. Mai 1998 in Berlin) war ein deutscher Liedermacher und Texter.<br \/>\n<hr class=\"shortcode hr \" style=\"border-width:0;\" \/><br \/>\n<strong>Leben<\/strong><\/p>\n<p>Nach dem Abitur und der Ableistung des Wehrdienstes bei der NVA begann Pannach ein Jurastudium in Leipzig, das er allerdings abbrach. Zwischen 1970 und 1971 war er Referent im Kabinett f\u00fcr Kulturarbeit der Stadt Leipzig und arbeitete mit der Klaus Renft Combo, kurz Renft, zusammen. Seit 1972 war er als freischaffender K\u00fcnstler t\u00e4tig. In dieser Zeit entwickelte er auch Kontakte und Freundschaften zu regimekritischen S\u00e4ngern und Schriftstellern. So trat er 1974 gemeinsam mit Christian Kunert auf und war ein Freund des Schriftstellers J\u00fcrgen Fuchs, mit dem er ebenfalls auftrat.<br \/>\nEs folgten Auftrittsverbote bzw. befristete Spielerlaubnisse, und ihm wurde nur noch der Auftritt bei inoffiziellen Veranstaltungen gestattet. Im November 1976 unterzeichnete er die Protesterkl\u00e4rung gegen die Ausb\u00fcrgerung von Wolf Biermann,  Am 21. November 1976 wurde er auf dem Alexanderplatz in Ost-Berlin vom MfS verhaftet. Zusammen mit Christian Kunert und J\u00fcrgen Fuchs, der schon zwei Tage zuvor aus dem Auto des Regimekritikers Professor Robert Havemann heraus verhaftet worden war, wurde Pannach in das zentrale Untersuchungsgef\u00e4ngnis der Staatssicherheit in Berlin-Hohensch\u00f6nhausen gebracht. Nach neun Monaten der Verh\u00f6re wurden alle drei K\u00fcnstler im August 1977 ohne Prozess aus dem Gef\u00e4ngnis und der Staatsb\u00fcrgerschaft der DDR entlassen und nach West-Berlin ausgewiesen.<br \/>\nIn der Folge lebte Pannach in West-Berlin, trat gemeinsam mit Biermann auf, arbeitete mit Christian Kunert zusammen und bet\u00e4tigte sich als Textautor und Schauspieler in Film und Theater. Nach der Wende konnte er am 2. Dezember 1989 gemeinsam mit anderen ausgewiesenen K\u00fcnstlern erneut in der DDR auftreten.<\/p>\n<p><strong>Tod<\/strong><\/p>\n<p>Pannach starb am 3. Mai 1998 in Berlin im Alter von 49 Jahren an Krebs. Der Verdacht, sein Tod sei darauf zur\u00fcckzuf\u00fchren, dass ihn das MfS als H\u00e4ftling Bestrahlungen mit einer R\u00f6ntgenkanone ausgesetzt habe, konnte bisher nicht bewiesen werden.<\/p>\n<!--themify_builder_content-->\n<div id=\"themify_builder_content-3311\" data-postid=\"3311\" class=\"themify_builder_content themify_builder_content-3311 themify_builder tf_clear\">\n    <\/div>\n<!--\/themify_builder_content-->\n","protected":false},"excerpt":{"rendered":"<p>(Renft; guitar, vocals) (* 24. Juni 1948 in Arnsdorf \/ DDR; \u2020 3. Mai 1998 in Berlin) war ein deutscher Liedermacher und Texter. Leben Nach dem Abitur und der Ableistung des Wehrdienstes bei der NVA begann Pannach ein Jurastudium in Leipzig, das er allerdings abbrach. Zwischen 1970 und 1971 war er Referent im Kabinett f\u00fcr [&hellip;]<\/p>\n","protected":false},"author":3,"featured_media":2672,"comment_status":"closed","ping_status":"open","sticky":false,"template":"","format":"standard","meta":{"footnotes":""},"categories":[10],"tags":[13,24],"translation":{"provider":"WPGlobus","version":"2.12.2","language":"en","enabled_languages":["de","en"],"languages":{"de":{"title":true,"content":true,"excerpt":false},"en":{"title":false,"content":false,"excerpt":false}}},"aioseo_notices":[],"_links":{"self":[{"href":"https:\/\/ohlendorff-art.de\/en\/wp-json\/wp\/v2\/posts\/3311"}],"collection":[{"href":"https:\/\/ohlendorff-art.de\/en\/wp-json\/wp\/v2\/posts"}],"about":[{"href":"https:\/\/ohlendorff-art.de\/en\/wp-json\/wp\/v2\/types\/post"}],"author":[{"embeddable":true,"href":"https:\/\/ohlendorff-art.de\/en\/wp-json\/wp\/v2\/users\/3"}],"replies":[{"embeddable":true,"href":"https:\/\/ohlendorff-art.de\/en\/wp-json\/wp\/v2\/comments?post=3311"}],"version-history":[{"count":1,"href":"https:\/\/ohlendorff-art.de\/en\/wp-json\/wp\/v2\/posts\/3311\/revisions"}],"predecessor-version":[{"id":7269,"href":"https:\/\/ohlendorff-art.de\/en\/wp-json\/wp\/v2\/posts\/3311\/revisions\/7269"}],"wp:featuredmedia":[{"embeddable":true,"href":"https:\/\/ohlendorff-art.de\/en\/wp-json\/wp\/v2\/media\/2672"}],"wp:attachment":[{"href":"https:\/\/ohlendorff-art.de\/en\/wp-json\/wp\/v2\/media?parent=3311"}],"wp:term":[{"taxonomy":"category","embeddable":true,"href":"https:\/\/ohlendorff-art.de\/en\/wp-json\/wp\/v2\/categories?post=3311"},{"taxonomy":"post_tag","embeddable":true,"href":"https:\/\/ohlendorff-art.de\/en\/wp-json\/wp\/v2\/tags?post=3311"}],"curies":[{"name":"wp","href":"https:\/\/api.w.org\/{rel}","templated":true}]}}