{"id":2957,"date":"1998-02-26T16:31:46","date_gmt":"1998-02-26T15:31:46","guid":{"rendered":"http:\/\/ohlendorff-art.de\/?p=2957"},"modified":"2020-08-14T16:46:22","modified_gmt":"2020-08-14T14:46:22","slug":"rio-reiser_1950-1996_ton-steine-scherben","status":"publish","type":"post","link":"https:\/\/ohlendorff-art.de\/en\/rio-reiser_1950-1996_ton-steine-scherben\/","title":{"rendered":"Rio Reiser <b>*09.01.1950\u00a0 \u202020.08.1996<\/b>"},"content":{"rendered":"<p>(Ton-Steine-Scherben; guitar, key., vocals)<\/p>\n<p><a href=\"\/wp-content\/uploads\/DRH40-Ole-Ohlendorff-Dead-Rock-Heads-Rock-Legends-Alive-combiful-Rio-Reiser-TonSteineScherben-1.jpg\" rel=\"attachment wp-att-2541\"><img loading=\"lazy\" decoding=\"async\" class=\"wp-image-2639 size-medium alignleft\" src=\"\/wp-content\/uploads\/DRH40-Ole-Ohlendorff-Dead-Rock-Heads-Rock-Legends-Alive-combiful-Rio-Reiser-TonSteineScherben-1-150x150.jpg\" alt=\"\" width=\"184\" height=\"300\" srcset=\"https:\/\/ohlendorff-art.de\/wp-content\/uploads\/DRH40-Ole-Ohlendorff-Dead-Rock-Heads-Rock-Legends-Alive-combiful-Rio-Reiser-TonSteineScherben-1-184x300.jpg 184w, https:\/\/ohlendorff-art.de\/wp-content\/uploads\/DRH40-Ole-Ohlendorff-Dead-Rock-Heads-Rock-Legends-Alive-combiful-Rio-Reiser-TonSteineScherben-1.jpg 490w\" sizes=\"(max-width: 184px) 100vw, 184px\" \/><\/a><strong><span class=\"shortcode themify-icon \"><i class=\"themify-icon-icon\" ><svg  class=\"tf_fa tf-far-user\" aria-hidden=\"true\"><use href=\"#tf-far-user\"><\/use><\/svg><\/i><span class=\"themify-icon-label\">Rio Reiser<\/span><\/span><\/strong> (* 9. Januar 1950 in West-Berlin; \u2020 20. August 1996 in Fresenhagen, Nordfriesland; b\u00fcrgerlich Ralph Christian M\u00f6bius) war ein deutscher S\u00e4nger, Musiker, Komponist, Liedertexter und Schauspieler.<br \/>\n<hr class=\"shortcode hr \" style=\"border-width:0;\" \/><br \/>\n<strong>Leben<\/strong><\/p>\n<p>Reiser war von 1970 bis 1985 S\u00e4nger und Haupttexter der Band Ton, Steine, Scherben. Nach der Aufl\u00f6sung der Band setzte er seine musikalische Karriere als Solok\u00fcnstler fort. Zu seinen bekanntesten Liedern geh\u00f6ren \u201eMacht kaputt, was euch kaputt macht\u201c, \u201eKeine Macht f\u00fcr Niemand\u201c und die Hausbesetzer-Hymne \u201eRauch-Haus-Song\u201c mit Ton Steine Scherben sowie \u201eK\u00f6nig von Deutschland\u201c und \u201eJunimond\u201c aus seiner Solozeit.<\/p>\n<p><strong>Tod<\/strong><\/p>\n<p>Rio Reiser starb am 20. August 1996 im Alter von 46 Jahren an Kreislaufversagen aufgrund innerer Blutungen.                       Die Bem\u00fchungen von Lanrue und der Familie um eine Sondergenehmigung, Reiser auf seinem Privatgrundst\u00fcck begraben zu d\u00fcrfen, wurden nicht nur vom Kreis Nordfriesland, sondern auch  von der damaligen schleswig-holsteinischen Ministerpr\u00e4sidentin Heide Simonis unb\u00fcrokratisch unterst\u00fctzt. Nachdem sie die Genehmigung erteilt hatte, konnte Reiser auf dem Grundst\u00fcck Fresenhagen 11 beigesetzt werden. Das Grab wurde zur Pilgerst\u00e4tte. Sein Haus wurde als Rio-Reiser-Haus bekannt und diente als Tagungsort und Studio f\u00fcr Kulturschaffende. Nach dem  Verkauf des Hofes in Fresenhagen wurde der Leichnam Reisers am 11. Februar 2011 auf den Alten St. Matth\u00e4us- Kirchhof in Berlin umgebettet. Reisers Grabstein sowie der Grabschmuck sind mit nach Berlin gezogen und weisen nun dort auf seine letzte Ruhest\u00e4tte hin.                                 Das alte Grab in Nordfriesland wurde eingeebnet.<br \/>\nEine ganz besondere Version von \u201e\u00dcbers Meer\u201c, gesungen von Herbert Gr\u00f6nemeyer, findet sich auf dem Album Abschied von Rio, das wenige Tage nach Reisers Tod im Berliner Tempodrom aufgezeichnet wurde.<\/p>\n<p>\u201eIch habe noch nie jemanden in Deutschland singen geh\u00f6rt und gesehen, der wie Rio in der Lage war, innerhalb von Sekunden eine intime Beziehung, geradezu eine Liebesbeziehung, mit jedem einzelnen seiner Zuh\u00f6rer aufzubauen.<br \/>\nSingen vor Publikum ist eine eigenartige Besch\u00e4ftigung: Man kann das Blut, das man den Menschen entzieht, wie ein Vampir schlucken, oder man kann es verwandeln und zur\u00fcckgeben.<br \/>\nRio Reiser strahlte Kraft und Macht aus, die er vom Publikum bekam, und er gab sie wieder zur\u00fcck. Charisma ist eine F\u00e4higkeit, die sich nicht erlernen l\u00e4\u00dft, und sie hat nichts mit Image und blo\u00dfer B\u00fchnenpr\u00e4senz zu tun. Selbst bei einem banalen Song konnte er irgendein bestimmtes Wort so singen, da\u00df es einem kalt den R\u00fccken runterlief.\u201c<\/p>\n<p>                                                                             (Nachruf von Blixa Bargeld imSpiegel)<\/p>\n<!--themify_builder_content-->\n<div id=\"themify_builder_content-2957\" data-postid=\"2957\" class=\"themify_builder_content themify_builder_content-2957 themify_builder tf_clear\">\n    <\/div>\n<!--\/themify_builder_content-->\n","protected":false},"excerpt":{"rendered":"<p>(Ton-Steine-Scherben; guitar, key., vocals) (* 9. Januar 1950 in West-Berlin; \u2020 20. August 1996 in Fresenhagen, Nordfriesland; b\u00fcrgerlich Ralph Christian M\u00f6bius) war ein deutscher S\u00e4nger, Musiker, Komponist, Liedertexter und Schauspieler. Leben Reiser war von 1970 bis 1985 S\u00e4nger und Haupttexter der Band Ton, Steine, Scherben. Nach der Aufl\u00f6sung der Band setzte er seine musikalische Karriere [&hellip;]<\/p>\n","protected":false},"author":3,"featured_media":2639,"comment_status":"closed","ping_status":"open","sticky":false,"template":"","format":"standard","meta":{"footnotes":""},"categories":[10],"tags":[13,14],"translation":{"provider":"WPGlobus","version":"2.12.2","language":"en","enabled_languages":["de","en"],"languages":{"de":{"title":true,"content":true,"excerpt":false},"en":{"title":false,"content":false,"excerpt":false}}},"aioseo_notices":[],"_links":{"self":[{"href":"https:\/\/ohlendorff-art.de\/en\/wp-json\/wp\/v2\/posts\/2957"}],"collection":[{"href":"https:\/\/ohlendorff-art.de\/en\/wp-json\/wp\/v2\/posts"}],"about":[{"href":"https:\/\/ohlendorff-art.de\/en\/wp-json\/wp\/v2\/types\/post"}],"author":[{"embeddable":true,"href":"https:\/\/ohlendorff-art.de\/en\/wp-json\/wp\/v2\/users\/3"}],"replies":[{"embeddable":true,"href":"https:\/\/ohlendorff-art.de\/en\/wp-json\/wp\/v2\/comments?post=2957"}],"version-history":[{"count":2,"href":"https:\/\/ohlendorff-art.de\/en\/wp-json\/wp\/v2\/posts\/2957\/revisions"}],"predecessor-version":[{"id":7200,"href":"https:\/\/ohlendorff-art.de\/en\/wp-json\/wp\/v2\/posts\/2957\/revisions\/7200"}],"wp:featuredmedia":[{"embeddable":true,"href":"https:\/\/ohlendorff-art.de\/en\/wp-json\/wp\/v2\/media\/2639"}],"wp:attachment":[{"href":"https:\/\/ohlendorff-art.de\/en\/wp-json\/wp\/v2\/media?parent=2957"}],"wp:term":[{"taxonomy":"category","embeddable":true,"href":"https:\/\/ohlendorff-art.de\/en\/wp-json\/wp\/v2\/categories?post=2957"},{"taxonomy":"post_tag","embeddable":true,"href":"https:\/\/ohlendorff-art.de\/en\/wp-json\/wp\/v2\/tags?post=2957"}],"curies":[{"name":"wp","href":"https:\/\/api.w.org\/{rel}","templated":true}]}}